{"id":1645,"date":"2021-10-29T12:59:47","date_gmt":"2021-10-29T09:59:47","guid":{"rendered":"https:\/\/www.emedrese.com.tr\/blog\/?p=1645"},"modified":"2021-11-29T13:06:09","modified_gmt":"2021-11-29T10:06:09","slug":"malcom-xin-son-satirlari","status":"publish","type":"post","link":"https:\/\/www.emedrese.com.tr\/blog\/malcom-xin-son-satirlari\/","title":{"rendered":"Malcom X&#8217;in Son Sat\u0131rlar\u0131"},"content":{"rendered":"\n<figure class=\"wp-block-embed is-type-video is-provider-youtube wp-block-embed-youtube wp-embed-aspect-16-9 wp-has-aspect-ratio\"><div class=\"wp-block-embed__wrapper\">\n<iframe loading=\"lazy\" title=\"Malcolm X&#039;in Son Sat\u0131rlar\u0131\" width=\"780\" height=\"439\" src=\"https:\/\/www.youtube.com\/embed\/yhlZA5pZcCk?feature=oembed\" frameborder=\"0\" allow=\"accelerometer; autoplay; clipboard-write; encrypted-media; gyroscope; picture-in-picture\" allowfullscreen><\/iframe>\n<\/div><\/figure>\n\n\n\n<p>Amerika&#8217;n\u0131n \u0131rk\u00e7\u0131l\u0131k hastal\u0131\u011f\u0131ndan kurtulabilmesi i\u00e7in \u0130slam dininin temel ilkelerini bir re\u00e7ete olarak g\u00f6ren ve t\u00fcm \u0131rklar\u0131n karde\u015f\u00e7e ya\u015famas\u0131 gerekti\u011fini d\u00fc\u015f\u00fcn\u00fcp bu u\u011furda m\u00fccadele eden insan haklar\u0131 savunucusu Malcom X&#8217;in \u00f6ld\u00fcr\u00fclmeden \u00f6nceki son sat\u0131rlar\u0131:<\/p>\n\n\n\n<blockquote class=\"wp-block-quote\"><p><strong>&#8220;Art\u0131k her sabah g\u00f6zlerimi a\u00e7ar a\u00e7maz, ba\u015fkas\u0131ndan bir g\u00fcn daha \u00f6d\u00fcn\u00e7 alm\u0131\u015f\u0131m gibi geliyor bana&#8230;&#8221;<\/strong><\/p><\/blockquote>\n","protected":false},"excerpt":{"rendered":"<p>Amerika&#8217;n\u0131n \u0131rk\u00e7\u0131l\u0131k hastal\u0131\u011f\u0131ndan kurtulabilmesi i\u00e7in \u0130slam dininin temel ilkelerini bir re\u00e7ete olarak g\u00f6ren ve t\u00fcm \u0131rklar\u0131n karde\u015f\u00e7e ya\u015famas\u0131 gerekti\u011fini d\u00fc\u015f\u00fcn\u00fcp bu u\u011furda m\u00fccadele eden insan haklar\u0131 savunucusu Malcom X&#8217;in \u00f6ld\u00fcr\u00fclmeden \u00f6nceki son sat\u0131rlar\u0131: &#8220;Art\u0131k her sabah g\u00f6zlerimi a\u00e7ar a\u00e7maz, ba\u015fkas\u0131ndan bir g\u00fcn daha \u00f6d\u00fcn\u00e7 alm\u0131\u015f\u0131m gibi geliyor bana&#8230;&#8221;<\/p>\n","protected":false},"author":1,"featured_media":2050,"comment_status":"open","ping_status":"open","sticky":false,"template":"","format":"standard","meta":[],"categories":[13],"tags":[712,710,711],"aioseo_notices":[],"_links":{"self":[{"href":"https:\/\/www.emedrese.com.tr\/blog\/wp-json\/wp\/v2\/posts\/1645"}],"collection":[{"href":"https:\/\/www.emedrese.com.tr\/blog\/wp-json\/wp\/v2\/posts"}],"about":[{"href":"https:\/\/www.emedrese.com.tr\/blog\/wp-json\/wp\/v2\/types\/post"}],"author":[{"embeddable":true,"href":"https:\/\/www.emedrese.com.tr\/blog\/wp-json\/wp\/v2\/users\/1"}],"replies":[{"embeddable":true,"href":"https:\/\/www.emedrese.com.tr\/blog\/wp-json\/wp\/v2\/comments?post=1645"}],"version-history":[{"count":3,"href":"https:\/\/www.emedrese.com.tr\/blog\/wp-json\/wp\/v2\/posts\/1645\/revisions"}],"predecessor-version":[{"id":1695,"href":"https:\/\/www.emedrese.com.tr\/blog\/wp-json\/wp\/v2\/posts\/1645\/revisions\/1695"}],"wp:featuredmedia":[{"embeddable":true,"href":"https:\/\/www.emedrese.com.tr\/blog\/wp-json\/wp\/v2\/media\/2050"}],"wp:attachment":[{"href":"https:\/\/www.emedrese.com.tr\/blog\/wp-json\/wp\/v2\/media?parent=1645"}],"wp:term":[{"taxonomy":"category","embeddable":true,"href":"https:\/\/www.emedrese.com.tr\/blog\/wp-json\/wp\/v2\/categories?post=1645"},{"taxonomy":"post_tag","embeddable":true,"href":"https:\/\/www.emedrese.com.tr\/blog\/wp-json\/wp\/v2\/tags?post=1645"}],"curies":[{"name":"wp","href":"https:\/\/api.w.org\/{rel}","templated":true}]}}