{"id":3138,"date":"2021-11-03T17:38:55","date_gmt":"2021-11-03T14:38:55","guid":{"rendered":"https:\/\/www.emedrese.com.tr\/blog\/?p=3138"},"modified":"2022-09-12T15:26:16","modified_gmt":"2022-09-12T12:26:16","slug":"el-buhus-fi-kadaya-fikhiyye-muasira","status":"publish","type":"post","link":"https:\/\/www.emedrese.com.tr\/blog\/el-buhus-fi-kadaya-fikhiyye-muasira\/","title":{"rendered":"el-Buhus fi Kadaya F\u0131kh\u0131yye Muas\u0131ra"},"content":{"rendered":"\n<blockquote class=\"wp-block-quote\"><p><strong>Kitap \u0130smi:<\/strong> el-Buhus fi <em>Kadaya F\u0131kh\u0131yye Muas\u0131ra<\/em><br><strong>M\u00fcellif:<\/strong> <em>Muhammed Taki Osmani<\/em><\/p><\/blockquote>\n\n\n\n<p><strong>Genel Tan\u0131t\u0131m<\/strong><\/p>\n\n\n\n<p>1800\u2019l\u00fc y\u0131llar\u0131n ard\u0131ndan d\u00fcnyadaki geli\u015fmeler katlanarak devam etmi\u015f ve \u00f6nceki y\u00fczy\u0131llara nazaran daha h\u0131zl\u0131 bir geli\u015fim g\u00f6stermi\u015ftir. Orta \u00e7a\u011f ve \u00f6ncesi \u00e7a\u011flar\u0131 baz ald\u0131\u011f\u0131m\u0131z insanl\u0131\u011f\u0131n kademeli bir ilerleme i\u00e7erisinde oldu\u011fu g\u00f6zlenecektir. Fakat sanayi devrimi ile beraber insan g\u00fcc\u00fcn\u00fcn yerini makinenin almas\u0131 geli\u015fimi h\u0131zland\u0131rm\u0131\u015ft\u0131r.<\/p>\n\n\n\n<p>Bu geli\u015fim pe\u015fi s\u0131ra yeni sorunlar\u0131 ve problemleri getirmi\u015ftir. Demokrasi, insan haklar\u0131, hukuk, adalet, sosyal hayat ve devlet anlay\u0131\u015flar\u0131nda ciddi farkl\u0131l\u0131klar ortaya \u00e7\u0131km\u0131\u015ft\u0131r. Bu durum elbette hem \u0130slam aleminde hem de \u0130slami ilimler sahas\u0131nda ciddi yeniliklerin ve \u0131slahlar\u0131n yap\u0131lmas\u0131n\u0131 gerektirmi\u015ftir.<\/p>\n\n\n\n<p>G\u00fcn\u00fcm\u00fczde her ilim dal\u0131na b\u00fcy\u00fck i\u015f d\u00fc\u015fmektedir. Fakat \u00e7a\u011f\u0131n gereklerine, sorunlar\u0131na ve yeniliklerine cevap verebilmek i\u00e7in f\u0131k\u0131h ilmine daha b\u00fcy\u00fck i\u015f d\u00fc\u015fmektedir. Ne var ki fakihlerimiz bu sorunlar\u0131n \u00fcstesinden gelmekte ve g\u00fcncel s\u0131k\u0131nt\u0131lara \u00e7\u00f6z\u00fcmler \u00fcretmektedir.<\/p>\n\n\n\n<p>\u0130\u015fte bu fakihlerden bir tanesi Pakistanl\u0131 alim Muhammed Taki Osmani\u2019dir. \u00c7al\u0131\u015fmalar\u0131, fetvalar\u0131 ile yeni meselelere cevaplar arayan Taki Osmani\u2019nin bu sahada kaleme alm\u0131\u015f oldu\u011fu en \u00f6nemli kitaplardan bir tanesi <em>Buhus fi Kadaya F\u0131kh\u0131yye Muas\u0131ra\u2019d\u0131r<\/em>.<\/p>\n\n\n\n<p>Taki Osmani, t\u0131pk\u0131 selef ulema gibi g\u00fcn\u00fcn\u00fcn meselelerine e\u011filmi\u015ftir. \u015eerh ve ha\u015fiye \u00e7al\u0131\u015fmalar\u0131 yapmak yerine g\u00fcncel konular \u00fczerine \u00e7al\u0131\u015fmalar yaparak yeni f\u0131khi g\u00f6r\u00fc\u015fler ve h\u00fck\u00fcmler \u00fcretmi\u015ftir. Tan\u0131taca\u011f\u0131m\u0131z eseri ise bu konulara dair kaleme alm\u0131\u015f oldu\u011fu yaz\u0131lardan derlenmi\u015ftir.<\/p>\n\n\n\n<p>M\u00fcellif, otuz y\u0131ldan daha uzun bir s\u00fcre g\u00fcncel konular \u00fczerine \u00e7al\u0131\u015fm\u0131\u015f ve bu \u00e7al\u0131\u015fmalar\u0131n\u0131 Arap\u00e7a, \u0130ngilizce, Urduca olarak telif etmi\u015ftir. Bu s\u00fcre i\u00e7erisinden her \u00fc\u00e7 dilde de hat\u0131r\u0131 say\u0131l\u0131r bir birikim olu\u015fmu\u015ftur. Arkada\u015flar\u0131 talebelerin daha iyi faydalanabilmesi i\u00e7in bu yaz\u0131lan tek bir yerde toplanarak kitap olarak bas\u0131lmas\u0131n\u0131 tavsiye etmi\u015ftir. O da bu tavsiyeye uyarak yaz\u0131lar\u0131 bir araya getirmi\u015f ve tek kapak alt\u0131nda toplanmas\u0131n\u0131 sa\u011flam\u0131\u015ft\u0131r.<\/p>\n\n\n\n<p>\u00d6zg\u00fcn dili Arap\u00e7a olan bu eserde m\u00fcellifimiz \u00f6ncelikle g\u00fcncel f\u0131khi meseleler hakk\u0131nda bilgi vermekte daha sonra ise ihtilafl\u0131 konulara da de\u011finerek konular\u0131n\u0131 i\u015flemi\u015ftir. Eserdeki konular\u0131 genel olarak \u015fu ba\u015fl\u0131klar alt\u0131nda toplayabiliriz; taksitli al\u0131\u015f-veri\u015f, nakit para, bankac\u0131l\u0131k, sigorta, trafik kazalar\u0131 ve kaza sonucu olu\u015fan mahrumiyet ve hak durumlar\u0131 meseleleri incelenmi\u015ftir. B\u00fcy\u00fck bir birikimin mahsul\u00fc olan bu eser, g\u00fcncel f\u0131kh\u0131n ne oldu\u011funu, nas\u0131l \u00e7al\u0131\u015fmas\u0131 gerekti\u011fin g\u00f6stermekle beraber, bu sorunlara verilen cevaplar\u0131 i\u00e7ermektedir. Bu sebeple alana giri\u015f mesabesinde okunan kitaplardan bir tanesi olmu\u015ftur.<\/p>\n\n\n\n<blockquote class=\"wp-block-quote\"><p><strong>Bu makaleyi okuyanlar i\u00e7in tavsiye yaz\u0131: <a href=\"https:\/\/www.emedrese.com.tr\/blog\/3030-2\/\" target=\"_blank\" rel=\"noreferrer noopener\" title=\"el-Emsile\">&#8220;el-Emsile&#8221;  <\/a><\/strong> <\/p><\/blockquote>\n\n\n\n<h2>Referanslar<\/h2>\n\n\n\n<p><a href=\"#_ftnref1\">[1]<\/a> <a href=\"https:\/\/en.wikipedia.org\/wiki\/Muhammad_Taqi_Usmani\">https:\/\/en.wikipedia.org\/wiki\/Muhammad_Taqi_Usmani<\/a><br><a href=\"#_ftnref2\">[2]<\/a> <a href=\"https:\/\/www.hasimiyayinevi.com\/tr\/islami-ilimler\/arapca-fikih\/buhus-fi-kadaya-fikhiyye-muasira-1-2.html\">https:\/\/www.hasimiyayinevi.com\/tr\/islami-ilimler\/arapca-fikih\/buhus-fi-kadaya-fikhiyye-muasira-1-2.html<\/a><br><a href=\"#_ftnref3\">[3]<\/a> <a href=\"https:\/\/tr.wikipedia.org\/wiki\/Arap%C3%A7a\">https:\/\/tr.wikipedia.org\/wiki\/Arap%C3%A7a<\/a><br><a href=\"#_ftnref4\">[4]<\/a> <a href=\"https:\/\/tr.wikipedia.org\/wiki\/%C4%B0ngilizce\">https:\/\/tr.wikipedia.org\/wiki\/%C4%B0ngilizce<\/a><br><a href=\"#_ftnref5\">[5]<\/a> <a href=\"https:\/\/tr.wikipedia.org\/wiki\/Urduca\">https:\/\/tr.wikipedia.org\/wiki\/Urduca<\/a><\/p>\n","protected":false},"excerpt":{"rendered":"<p>Kitap \u0130smi: el-Buhus fi Kadaya F\u0131kh\u0131yye Muas\u0131raM\u00fcellif: Muhammed Taki Osmani Genel Tan\u0131t\u0131m 1800\u2019l\u00fc y\u0131llar\u0131n ard\u0131ndan d\u00fcnyadaki geli\u015fmeler katlanarak devam etmi\u015f ve \u00f6nceki y\u00fczy\u0131llara nazaran daha h\u0131zl\u0131 bir geli\u015fim g\u00f6stermi\u015ftir. Orta \u00e7a\u011f ve \u00f6ncesi \u00e7a\u011flar\u0131 baz ald\u0131\u011f\u0131m\u0131z insanl\u0131\u011f\u0131n kademeli bir ilerleme i\u00e7erisinde oldu\u011fu g\u00f6zlenecektir. Fakat sanayi devrimi ile beraber insan g\u00fcc\u00fcn\u00fcn yerini makinenin almas\u0131 geli\u015fimi h\u0131zland\u0131rm\u0131\u015ft\u0131r. [&hellip;]<\/p>\n","protected":false},"author":1,"featured_media":3438,"comment_status":"open","ping_status":"open","sticky":false,"template":"","format":"standard","meta":[],"categories":[964],"tags":[876,699,877],"aioseo_notices":[],"_links":{"self":[{"href":"https:\/\/www.emedrese.com.tr\/blog\/wp-json\/wp\/v2\/posts\/3138"}],"collection":[{"href":"https:\/\/www.emedrese.com.tr\/blog\/wp-json\/wp\/v2\/posts"}],"about":[{"href":"https:\/\/www.emedrese.com.tr\/blog\/wp-json\/wp\/v2\/types\/post"}],"author":[{"embeddable":true,"href":"https:\/\/www.emedrese.com.tr\/blog\/wp-json\/wp\/v2\/users\/1"}],"replies":[{"embeddable":true,"href":"https:\/\/www.emedrese.com.tr\/blog\/wp-json\/wp\/v2\/comments?post=3138"}],"version-history":[{"count":3,"href":"https:\/\/www.emedrese.com.tr\/blog\/wp-json\/wp\/v2\/posts\/3138\/revisions"}],"predecessor-version":[{"id":3362,"href":"https:\/\/www.emedrese.com.tr\/blog\/wp-json\/wp\/v2\/posts\/3138\/revisions\/3362"}],"wp:featuredmedia":[{"embeddable":true,"href":"https:\/\/www.emedrese.com.tr\/blog\/wp-json\/wp\/v2\/media\/3438"}],"wp:attachment":[{"href":"https:\/\/www.emedrese.com.tr\/blog\/wp-json\/wp\/v2\/media?parent=3138"}],"wp:term":[{"taxonomy":"category","embeddable":true,"href":"https:\/\/www.emedrese.com.tr\/blog\/wp-json\/wp\/v2\/categories?post=3138"},{"taxonomy":"post_tag","embeddable":true,"href":"https:\/\/www.emedrese.com.tr\/blog\/wp-json\/wp\/v2\/tags?post=3138"}],"curies":[{"name":"wp","href":"https:\/\/api.w.org\/{rel}","templated":true}]}}