{"id":3140,"date":"2021-11-07T17:39:38","date_gmt":"2021-11-07T14:39:38","guid":{"rendered":"https:\/\/www.emedrese.com.tr\/blog\/?p=3140"},"modified":"2022-09-12T15:27:04","modified_gmt":"2022-09-12T12:27:04","slug":"el-medhal-fit-tarif-bil-fikhil-islami","status":"publish","type":"post","link":"https:\/\/www.emedrese.com.tr\/blog\/el-medhal-fit-tarif-bil-fikhil-islami\/","title":{"rendered":"el-Medhal fi\u2019t-Tarif bi\u2019l-F\u0131khi\u2019l-\u0130slami"},"content":{"rendered":"\n<p><strong>Kitap \u0130smi:<\/strong> <em>el-Medhal fi\u2019t-Tarif bi\u2019l-F\u0131khi\u2019l-\u0130slami<\/em><br><strong>M\u00fcellif:<\/strong> <em>Muhammed Mustafa \u015eelebi<\/em><\/p>\n\n\n\n<p><strong>Genel Tan\u0131t\u0131m<\/strong><\/p>\n\n\n\n<p>Ezher hocalar\u0131ndan olan Mustafa \u015eelebi, g\u00fcn\u00fcz \u00f6nemli f\u0131k\u0131h\u00e7\u0131lar\u0131ndan biridir. G\u00f6r\u00fc\u015fleri ve fikirleri ile sayg\u0131nl\u0131k kazanm\u0131\u015f, yapt\u0131\u011f\u0131 \u00e7al\u0131\u015fmalar ile hem literat\u00fcre hem de modern d\u00f6nemlerde ilmin geli\u015fimine b\u00fcy\u00fck katk\u0131lar sa\u011flam\u0131\u015ft\u0131r.<\/p>\n\n\n\n<p>Ta\u2019lil\u00fc\u2019l-Ahkam isimli eseri ile tan\u0131nan m\u00fcellifin k\u0131saca Medhal olarak bilinen eseri el-Medhal fi\u2019t-Tarif bi\u2019l-F\u0131khi\u2019l-\u0130slami f\u0131k\u0131h ilmindeki temel kavramlar\u0131 ele alarak son derece basit \u015fekilde tan\u0131tmaktad\u0131r. Bu anlamda isminden de anla\u015f\u0131laca\u011f\u0131 \u00fczere f\u0131k\u0131h ilmine giri\u015f mesabesinde bir kitapt\u0131r.<\/p>\n\n\n\n<p>F\u0131k\u0131h ilmi gerek f\u00fcru gerek usul sahas\u0131nda kavramlar\u0131n b\u00fcy\u00fck \u00f6neme sahip oldu\u011fu bir ilim dal\u0131d\u0131r. Kavramsal yetkinlik, i\u015flenen konular\u0131n anla\u015f\u0131lmas\u0131n\u0131 do\u011frudan etkilemektedir. Di\u011fer taraftan hayat\u0131n her alan\u0131na hitap etmesi nedeniyle de konu geni\u015fli\u011fi ve bu konu geni\u015fli\u011fi ile beraber kavram zenginli\u011fi bulunmaktad\u0131r. Bu sebeple literat\u00fcr i\u00e7erisinde konular\u0131 y\u00fczeysel olarak ele alan eserler b\u00fcy\u00fck \u00f6nem arz etmektedir. el-Medhal, Ezher\u2019de oldu\u011fu gibi \u00fclkemizde de \u0130slami ilimler e\u011fitimi veren kurumlar taraf\u0131ndan ders kitab\u0131 olarak tercih edilmektedir.<\/p>\n\n\n\n<blockquote class=\"wp-block-quote\"><p><strong>Bu makaleyi okuyanlar i\u00e7in tavsiye yaz\u0131: <\/strong><a href=\"https:\/\/www.emedrese.com.tr\/blog\/3032-2\/\" title=\"el-Maksud\"><strong>&#8220;el-Maksud&#8221;   <\/strong><\/a><\/p><\/blockquote>\n\n\n\n<h2>Referanslar<\/h2>\n\n\n\n<p><a href=\"#_ftnref1\">[1]<\/a> <a href=\"https:\/\/tr.wikipedia.org\/wiki\/El-Ezher_%C3%9Cniversitesi\">https:\/\/tr.wikipedia.org\/wiki\/El-Ezher_%C3%9Cniversitesi<\/a><br><a href=\"#_ftnref2\">[2]<\/a> <a href=\"https:\/\/dergipark.org.tr\/tr\/download\/article-file\/14729\">https:\/\/dergipark.org.tr\/tr\/download\/article-file\/14729<\/a><br><a href=\"#_ftnref3\">[3]<\/a> <a href=\"https:\/\/islamansiklopedisi.org.tr\/fikih\">https:\/\/islamansiklopedisi.org.tr\/fikih<\/a><br><a href=\"#_ftnref4\">[4]<\/a> <a href=\"https:\/\/islamansiklopedisi.org.tr\/usul-i-fikih\">https:\/\/islamansiklopedisi.org.tr\/usul-i-fikih<\/a><\/p>\n","protected":false},"excerpt":{"rendered":"<p>Kitap \u0130smi: el-Medhal fi\u2019t-Tarif bi\u2019l-F\u0131khi\u2019l-\u0130slamiM\u00fcellif: Muhammed Mustafa \u015eelebi Genel Tan\u0131t\u0131m Ezher hocalar\u0131ndan olan Mustafa \u015eelebi, g\u00fcn\u00fcz \u00f6nemli f\u0131k\u0131h\u00e7\u0131lar\u0131ndan biridir. G\u00f6r\u00fc\u015fleri ve fikirleri ile sayg\u0131nl\u0131k kazanm\u0131\u015f, yapt\u0131\u011f\u0131 \u00e7al\u0131\u015fmalar ile hem literat\u00fcre hem de modern d\u00f6nemlerde ilmin geli\u015fimine b\u00fcy\u00fck katk\u0131lar sa\u011flam\u0131\u015ft\u0131r. Ta\u2019lil\u00fc\u2019l-Ahkam isimli eseri ile tan\u0131nan m\u00fcellifin k\u0131saca Medhal olarak bilinen eseri el-Medhal fi\u2019t-Tarif bi\u2019l-F\u0131khi\u2019l-\u0130slami f\u0131k\u0131h ilmindeki [&hellip;]<\/p>\n","protected":false},"author":1,"featured_media":3434,"comment_status":"open","ping_status":"open","sticky":false,"template":"","format":"standard","meta":[],"categories":[964],"tags":[699,880],"aioseo_notices":[],"_links":{"self":[{"href":"https:\/\/www.emedrese.com.tr\/blog\/wp-json\/wp\/v2\/posts\/3140"}],"collection":[{"href":"https:\/\/www.emedrese.com.tr\/blog\/wp-json\/wp\/v2\/posts"}],"about":[{"href":"https:\/\/www.emedrese.com.tr\/blog\/wp-json\/wp\/v2\/types\/post"}],"author":[{"embeddable":true,"href":"https:\/\/www.emedrese.com.tr\/blog\/wp-json\/wp\/v2\/users\/1"}],"replies":[{"embeddable":true,"href":"https:\/\/www.emedrese.com.tr\/blog\/wp-json\/wp\/v2\/comments?post=3140"}],"version-history":[{"count":4,"href":"https:\/\/www.emedrese.com.tr\/blog\/wp-json\/wp\/v2\/posts\/3140\/revisions"}],"predecessor-version":[{"id":3358,"href":"https:\/\/www.emedrese.com.tr\/blog\/wp-json\/wp\/v2\/posts\/3140\/revisions\/3358"}],"wp:featuredmedia":[{"embeddable":true,"href":"https:\/\/www.emedrese.com.tr\/blog\/wp-json\/wp\/v2\/media\/3434"}],"wp:attachment":[{"href":"https:\/\/www.emedrese.com.tr\/blog\/wp-json\/wp\/v2\/media?parent=3140"}],"wp:term":[{"taxonomy":"category","embeddable":true,"href":"https:\/\/www.emedrese.com.tr\/blog\/wp-json\/wp\/v2\/categories?post=3140"},{"taxonomy":"post_tag","embeddable":true,"href":"https:\/\/www.emedrese.com.tr\/blog\/wp-json\/wp\/v2\/tags?post=3140"}],"curies":[{"name":"wp","href":"https:\/\/api.w.org\/{rel}","templated":true}]}}