{"id":3457,"date":"2021-12-13T16:04:38","date_gmt":"2021-12-13T13:04:38","guid":{"rendered":"https:\/\/www.emedrese.com.tr\/blog\/?p=3457"},"modified":"2022-09-12T15:17:48","modified_gmt":"2022-09-12T12:17:48","slug":"felsefi-kelam-cercevesinde-ibni-sinanin-kelama-etkisi","status":"publish","type":"post","link":"https:\/\/www.emedrese.com.tr\/blog\/felsefi-kelam-cercevesinde-ibni-sinanin-kelama-etkisi\/","title":{"rendered":"Felsefi Kelam \u00c7er\u00e7evesinde \u0130bni Sina&#8217;n\u0131n Kelama Etkisi"},"content":{"rendered":"\n<div class=\"wp-block-image\"><figure class=\"alignleft size-full is-resized\"><img decoding=\"async\" loading=\"lazy\" src=\"https:\/\/www.emedrese.com.tr\/blog\/wp-content\/uploads\/2022\/01\/veyso.jpg\" alt=\"\" class=\"wp-image-3674\" width=\"204\" height=\"245\" srcset=\"https:\/\/www.emedrese.com.tr\/blog\/wp-content\/uploads\/2022\/01\/veyso.jpg 368w, https:\/\/www.emedrese.com.tr\/blog\/wp-content\/uploads\/2022\/01\/veyso-250x300.jpg 250w\" sizes=\"(max-width: 204px) 100vw, 204px\" \/><\/figure><\/div>\n\n\n\n<p>Orta\u00e7a\u011f \u0130slam d\u00fcnyas\u0131n\u0131n b\u00fcy\u00fck d\u00fc\u015f\u00fcn\u00fcrlerinden olan \u0130bni Sina, ortaya koydu\u011fu d\u00fc\u015f\u00fcnceleriyle geni\u015f yank\u0131 uyand\u0131rm\u0131\u015ft\u0131r. E\u015f\u2019ari mezhebine mensup bir \u00e2lim olan \u0130mam Gazali taraf\u0131ndan her ne kadar ele\u015ftirilse de kelam ilminin en temel problemlerinden olan \u201cUluhiyet\u201d meselesine kendi kavramlar\u0131yla (Zorunluluk-M\u00fcmk\u00fcn) farkl\u0131 bir perspektif kazand\u0131rm\u0131\u015ft\u0131r. \u0130bni Sina\u2019n\u0131n kelam ilmine ve kelam ilmi \u00f6zelinde uluhiyet anlay\u0131\u015f\u0131na dair ortaya koydu\u011fu g\u00f6r\u00fc\u015flerin detaylar\u0131 i\u00e7in \u0130stanbul \u00dcniversitesi \u0130lahiyat Fak\u00fcltesi \u00d6\u011fretim \u00dcyesi <strong>Do\u00e7. Dr. Veysel Kaya<\/strong><em>\u2019<\/em>n\u0131n \u201c<strong><em>Felsefi Kelam \u00c7er\u00e7evesinde \u0130bni Sina&#8217;n\u0131n Kelama Etkisi<\/em><\/strong>\u201d konulu doktora tezini ele al\u0131yoruz.<\/p>\n\n\n\n<p>Kelam ve \u0130slam felsefesi alanlar\u0131nda \u00e7al\u0131\u015fmalarda bulunan hemen herkesi yak\u0131ndan ilgilendiren \u201c<strong><em>Felsefi Kelam \u00c7er\u00e7evesinde \u0130bni Sina&#8217;n\u0131n Kelama Etkisi<\/em><\/strong>\u201d konulu doktora tezi, OTTO Yay\u0131nlar\u0131 taraf\u0131ndan kitap olarak bas\u0131ld\u0131. Kitab\u0131 tedarik etmek isteyenler <a href=\"https:\/\/www.kitapyurdu.com\/kitap\/ibn-sinanin-kelama-etkisi\/364353.html\" target=\"_blank\" rel=\"noreferrer noopener\"><strong>buraya<\/strong><\/a> t\u0131klayabilir. Tezi ayr\u0131ca PDF olarak indirip incelemek isteyenler de a\u015fa\u011f\u0131daki linkten teze ula\u015fabilirler.<\/p>\n\n\n\n<blockquote class=\"wp-block-quote\"><p><strong><a href=\"https:\/\/acikerisim.uludag.edu.tr\/bitstream\/11452\/5825\/1\/354612.pdf\" target=\"_blank\" rel=\"noreferrer noopener\">Felsefi Kelam \u00c7er\u00e7evesinde \u0130bni Sina&#8217;n\u0131n Kelama Etkisi (PDF)<\/a><\/strong><\/p><\/blockquote>\n\n\n\n<p><strong>Bu Tezde Neler Var?<\/strong><\/p>\n\n\n\n<p>&#8211;<em>\u0130bni Sina\u2019n\u0131n d\u00fc\u015f\u00fcncesine etki eden k\u00fclt\u00fcrel \u00e7evre<\/em><br><em>-\u0130bni Sina\u2019n\u0131n kelam ilmine bak\u0131\u015f\u0131<\/em><br><em>-Erken d\u00f6nemde \u0130slam toplumunun \u00e2lem tasavvuru<\/em><br><em>-Kelamda Vacip-M\u00fcmk\u00fcn ayr\u0131m\u0131<\/em><br><em>-Zorunlu varl\u0131k kavram\u0131n\u0131n kelam ilmine intikali<\/em><br><em>-\u0130bni Sina\u2019n\u0131n imk\u00e2n delili anlay\u0131\u015f\u0131<\/em><\/p>\n\n\n\n<p>Ayr\u0131ca s\u00f6z konusu doktora tezi \u00e7al\u0131\u015fmas\u0131nda \u015fu sorular\u0131n cevaplar\u0131 da yer al\u0131yor;<\/p>\n\n\n\n<p><em>-\u0130bni Sina\u2019n\u0131n varl\u0131k-mahiyet ayr\u0131m\u0131ndaki temel g\u00f6r\u00fc\u015f\u00fc nedir?<\/em><br><em>-Zorunlu varl\u0131k kavram\u0131n\u0131n \u0130bni Sina\u2019n\u0131n d\u00fc\u015f\u00fcncesinde nas\u0131l bir yeri vard\u0131r?<\/em><br><em>-\u0130bni Sina, Allah\u2019\u0131n s\u0131fatlar\u0131 konusunda \u0130bni Sina nas\u0131l bir yakla\u015f\u0131m sergilemi\u015ftir?<\/em><br><em>-Kelamc\u0131lar\u0131n \u0130bni Sina\u2019dan farkl\u0131 olarak Allah\u2019\u0131n s\u0131fatlar\u0131 konusuna yakla\u015f\u0131mlar\u0131 nas\u0131ld\u0131r?<\/em><\/p>\n\n\n\n<p>Kelam ve \u0130slam Felsefesine ilgi duyan ve bu alanda ara\u015ft\u0131rmalarda bulunanlar i\u00e7in tavsiye yaz\u0131lar:<\/p>\n\n\n\n<blockquote class=\"wp-block-quote\"><p><strong><a href=\"https:\/\/www.emedrese.com.tr\/blog\/ibn-sina-felsefesinde-nedensellik\/\" target=\"_blank\" rel=\"noreferrer noopener\">\u0130bni Sina Felsefesinde Nedensellik<\/a><\/strong><br><strong><a href=\"https:\/\/www.emedrese.com.tr\/blog\/ibn-sina-felsefesinde-nedensellik\/\" target=\"_blank\" rel=\"noreferrer noopener\">\u0130nsan Fiilleri<\/a><\/strong><br><strong><a href=\"https:\/\/www.emedrese.com.tr\/blog\/ibn-sina-felsefesinde-nedensellik\/\" target=\"_blank\" rel=\"noreferrer noopener\">Kaza ve Kader Nedir?<\/a><\/strong><br><strong><a href=\"https:\/\/www.emedrese.com.tr\/blog\/ibn-sina-felsefesinde-nedensellik\/\" target=\"_blank\" rel=\"noreferrer noopener\">Varolu\u015f\u00e7u Din Felsefesinde Kutsal-Sanat \u0130li\u015fkisi<\/a><\/strong><\/p><\/blockquote>\n","protected":false},"excerpt":{"rendered":"<p>Orta\u00e7a\u011f \u0130slam d\u00fcnyas\u0131n\u0131n b\u00fcy\u00fck d\u00fc\u015f\u00fcn\u00fcrlerinden olan \u0130bni Sina, ortaya koydu\u011fu d\u00fc\u015f\u00fcnceleriyle geni\u015f yank\u0131 uyand\u0131rm\u0131\u015ft\u0131r. E\u015f\u2019ari mezhebine mensup bir \u00e2lim olan \u0130mam Gazali taraf\u0131ndan her ne kadar ele\u015ftirilse de kelam ilminin en temel problemlerinden olan \u201cUluhiyet\u201d meselesine kendi kavramlar\u0131yla (Zorunluluk-M\u00fcmk\u00fcn) farkl\u0131 bir perspektif kazand\u0131rm\u0131\u015ft\u0131r. \u0130bni Sina\u2019n\u0131n kelam ilmine ve kelam ilmi \u00f6zelinde uluhiyet anlay\u0131\u015f\u0131na dair ortaya [&hellip;]<\/p>\n","protected":false},"author":2,"featured_media":3612,"comment_status":"open","ping_status":"open","sticky":false,"template":"","format":"standard","meta":[],"categories":[1,964],"tags":[770,614,434],"aioseo_notices":[],"_links":{"self":[{"href":"https:\/\/www.emedrese.com.tr\/blog\/wp-json\/wp\/v2\/posts\/3457"}],"collection":[{"href":"https:\/\/www.emedrese.com.tr\/blog\/wp-json\/wp\/v2\/posts"}],"about":[{"href":"https:\/\/www.emedrese.com.tr\/blog\/wp-json\/wp\/v2\/types\/post"}],"author":[{"embeddable":true,"href":"https:\/\/www.emedrese.com.tr\/blog\/wp-json\/wp\/v2\/users\/2"}],"replies":[{"embeddable":true,"href":"https:\/\/www.emedrese.com.tr\/blog\/wp-json\/wp\/v2\/comments?post=3457"}],"version-history":[{"count":4,"href":"https:\/\/www.emedrese.com.tr\/blog\/wp-json\/wp\/v2\/posts\/3457\/revisions"}],"predecessor-version":[{"id":3676,"href":"https:\/\/www.emedrese.com.tr\/blog\/wp-json\/wp\/v2\/posts\/3457\/revisions\/3676"}],"wp:featuredmedia":[{"embeddable":true,"href":"https:\/\/www.emedrese.com.tr\/blog\/wp-json\/wp\/v2\/media\/3612"}],"wp:attachment":[{"href":"https:\/\/www.emedrese.com.tr\/blog\/wp-json\/wp\/v2\/media?parent=3457"}],"wp:term":[{"taxonomy":"category","embeddable":true,"href":"https:\/\/www.emedrese.com.tr\/blog\/wp-json\/wp\/v2\/categories?post=3457"},{"taxonomy":"post_tag","embeddable":true,"href":"https:\/\/www.emedrese.com.tr\/blog\/wp-json\/wp\/v2\/tags?post=3457"}],"curies":[{"name":"wp","href":"https:\/\/api.w.org\/{rel}","templated":true}]}}