{"id":3805,"date":"2020-09-09T12:26:05","date_gmt":"2020-09-09T09:26:05","guid":{"rendered":"https:\/\/www.emedrese.com.tr\/blog\/?p=3805"},"modified":"2022-10-21T19:54:03","modified_gmt":"2022-10-21T16:54:03","slug":"prof-ramazan-bicer-kelam-ilminde-bu-kitaplari-tavsiye-ediyor","status":"publish","type":"post","link":"https:\/\/www.emedrese.com.tr\/blog\/prof-ramazan-bicer-kelam-ilminde-bu-kitaplari-tavsiye-ediyor\/","title":{"rendered":"Prof. Ramazan Bi\u00e7er Kelam \u0130lminde Bu Kitaplar\u0131 Tavsiye Ediyor"},"content":{"rendered":"\n<p>Kayseri\u2019de do\u011fan Ramazan Bi\u00e7er hoca, Lisans \u00f6\u011fretimini Erciyes \u00dcniversitesi\u2019nde tamamlad\u0131. Y\u00fcksek Lisans ve Doktora \u00e7al\u0131\u015fmas\u0131n\u0131 Marmara \u00dcniversitesi\u2019nde yapt\u0131. Halen Sakarya \u00dcniversitesi \u0130lahiyat Fak\u00fcltesi Kelam Anabilim Dal\u0131nda \u00f6\u011fretime devam ediyor. Kelam temel alan\u0131 yan\u0131nda, Din Sosyolojisi ve K\u00fcreselle\u015fme, Din Felsefesi, Dini \u0130stismar Eden Ter\u00f6r Hareketleri, Yeni \u00c7a\u011f Dini Ak\u0131mlar, T\u00fcrk K\u00fclt\u00fcr\u00fc ve T\u00fcrk d\u00fcnyas\u0131 yan\u0131nda Balkanlar, \u0130slam Co\u011frafyas\u0131 \u0130nan\u00e7 ve Mezhep hareketleriyle ilgili, \u0130ngilizce, Frans\u0131zca, Arap\u00e7a ve T\u00fcrk\u00e7e ulusal ve uluslararas\u0131 \u00e7al\u0131\u015fmalar\u0131 bulunuyor. Hocam\u0131z \u0130lim okurlar\u0131 ve kelam-akaid \u00f6\u011frencileri i\u00e7in \u00fc\u00e7 a\u015famada dokuz kitapl\u0131k bir okuma listesi haz\u0131rlad\u0131.<\/p>\n\n\n\n<p><strong>\u0130lk Seviye<\/strong><\/p>\n\n\n\n<blockquote class=\"wp-block-quote\"><p>1. Ramazan B\u0130\u00c7ER, Ak\u0131l ve \u0130rade Kap\u0131s\u0131: \u0130mam Mat\u00fcridi. Erdem Yay\u0131nlar\u0131.<br>2. Saim KILAVUZ, Anahatlar\u0131yla \u0130sl\u00e2m Akaidi ve Kelama Giri\u015f. Ensar Ne\u015friyat.<br>3. Bekir TOPALO\u011eLU, \u0130lyas \u00c7ELEB\u0130, Y. \u015eevki YAVUZ, \u0130sl\u00e2m\u2019da \u0130nan\u00e7 Esaslar\u0131. \u00c7aml\u0131ca Yay\u0131nlar\u0131.<\/p><\/blockquote>\n\n\n\n<p><strong>Orta Seviye<\/strong><\/p>\n\n\n\n<blockquote class=\"wp-block-quote\"><p>1. Ferit USLU, Felsef\u00ee A\u00e7\u0131dan \u0130man\u0131 Temellendirme. Ankara Okulu Yay\u0131nlar\u0131<br>2. \u0130mam GAZZAL\u0130, Munk\u0131z mine\u2019d-dalal. (T\u00fcrk\u00e7e ve Arap\u00e7a metin)<br>3. Nureddin SABUN\u0130, el-Kifaye fi\u2019l-hidaye. n\u015fr. Muhammed Aru\u00e7i. Daru \u0130bn Hazm\/ T\u00fcrkiye Diyanet Vakf\u0131 \u0130slam Ara\u015ft\u0131rmalar\u0131 Merkezi (\u0130SAM).<\/p><\/blockquote>\n\n\n\n<p><strong>\u0130leri Seviye<\/strong><\/p>\n\n\n\n<blockquote class=\"wp-block-quote\"><p>1. \u015eemseddin SEMERKAND\u0130, es-Sahaif\u00fc\u2019l-\u0130lahiyye. trc. Ramazan Bi\u00e7er. T\u00dcBA Yay\u0131nlar\u0131.<br>2. Toshihiko IZUTSU, Kur&#8217;an\u2019da Allah ve \u0130nsan. trc. S\u00fcleyman Ate\u015f. Yeni Ufuklar Ne\u015friyat.<br>3. Kad\u00ee ABD\u00dcLCEBBAR, \u015eerh\u00fc&#8217;l-Usuli&#8217;l-hamse. n\u015fr. Abd\u00fclkerim Osman. Mektebetu Vehbe.<\/p><\/blockquote>\n\n\n\n<blockquote class=\"wp-block-quote\"><p><strong>Bu makaleyi okuyanlar i\u00e7in tavsiye yaz\u0131: <a href=\"https:\/\/www.emedrese.com.tr\/blog\/esarilik-maturidilik-ihtilafina-iliskin-bazi-notlar\/\" target=\"_blank\" rel=\"noopener\" title=\"E\u015f\u2018arilik-Maturidilik \u0130htilaf\u0131na \u0130li\u015fkin Baz\u0131 Notlar\">&#8220;E\u015f\u2018arilik-Maturidilik \u0130htilaf\u0131na \u0130li\u015fkin Baz\u0131 Notlar&#8221;<\/a><\/strong><\/p><\/blockquote>\n","protected":false},"excerpt":{"rendered":"<p>Kayseri\u2019de do\u011fan Ramazan Bi\u00e7er hoca, Lisans \u00f6\u011fretimini Erciyes \u00dcniversitesi\u2019nde tamamlad\u0131. Y\u00fcksek Lisans ve Doktora \u00e7al\u0131\u015fmas\u0131n\u0131 Marmara \u00dcniversitesi\u2019nde yapt\u0131. Halen Sakarya \u00dcniversitesi \u0130lahiyat Fak\u00fcltesi Kelam Anabilim Dal\u0131nda \u00f6\u011fretime devam ediyor. Kelam temel alan\u0131 yan\u0131nda, Din Sosyolojisi ve K\u00fcreselle\u015fme, Din Felsefesi, Dini \u0130stismar Eden Ter\u00f6r Hareketleri, Yeni \u00c7a\u011f Dini Ak\u0131mlar, T\u00fcrk K\u00fclt\u00fcr\u00fc ve T\u00fcrk d\u00fcnyas\u0131 yan\u0131nda Balkanlar, [&hellip;]<\/p>\n","protected":false},"author":1,"featured_media":4308,"comment_status":"open","ping_status":"open","sticky":false,"template":"","format":"standard","meta":[],"categories":[1],"tags":[],"aioseo_notices":[],"_links":{"self":[{"href":"https:\/\/www.emedrese.com.tr\/blog\/wp-json\/wp\/v2\/posts\/3805"}],"collection":[{"href":"https:\/\/www.emedrese.com.tr\/blog\/wp-json\/wp\/v2\/posts"}],"about":[{"href":"https:\/\/www.emedrese.com.tr\/blog\/wp-json\/wp\/v2\/types\/post"}],"author":[{"embeddable":true,"href":"https:\/\/www.emedrese.com.tr\/blog\/wp-json\/wp\/v2\/users\/1"}],"replies":[{"embeddable":true,"href":"https:\/\/www.emedrese.com.tr\/blog\/wp-json\/wp\/v2\/comments?post=3805"}],"version-history":[{"count":3,"href":"https:\/\/www.emedrese.com.tr\/blog\/wp-json\/wp\/v2\/posts\/3805\/revisions"}],"predecessor-version":[{"id":5255,"href":"https:\/\/www.emedrese.com.tr\/blog\/wp-json\/wp\/v2\/posts\/3805\/revisions\/5255"}],"wp:featuredmedia":[{"embeddable":true,"href":"https:\/\/www.emedrese.com.tr\/blog\/wp-json\/wp\/v2\/media\/4308"}],"wp:attachment":[{"href":"https:\/\/www.emedrese.com.tr\/blog\/wp-json\/wp\/v2\/media?parent=3805"}],"wp:term":[{"taxonomy":"category","embeddable":true,"href":"https:\/\/www.emedrese.com.tr\/blog\/wp-json\/wp\/v2\/categories?post=3805"},{"taxonomy":"post_tag","embeddable":true,"href":"https:\/\/www.emedrese.com.tr\/blog\/wp-json\/wp\/v2\/tags?post=3805"}],"curies":[{"name":"wp","href":"https:\/\/api.w.org\/{rel}","templated":true}]}}