{"id":3911,"date":"2020-09-10T11:32:19","date_gmt":"2020-09-10T08:32:19","guid":{"rendered":"https:\/\/www.emedrese.com.tr\/blog\/?p=3911"},"modified":"2022-10-21T19:22:52","modified_gmt":"2022-10-21T16:22:52","slug":"kronolojik-medine-donemi","status":"publish","type":"post","link":"https:\/\/www.emedrese.com.tr\/blog\/kronolojik-medine-donemi\/","title":{"rendered":"Kronolojik Medine D\u00f6nemi"},"content":{"rendered":"\n<div id=\"toc_container\" class=\"toc_wrap_left no_bullets\"><p class=\"toc_title\">\u0130&ccedil;indekiler<\/p><ul class=\"toc_list\"><li><a href=\"#1_YIL\">1. YIL<\/a><\/li><li><a href=\"#2_YIL\">2. YIL<\/a><\/li><li><a href=\"#3_YIL\">3. YIL<\/a><\/li><li><a href=\"#4_YIL\">4. YIL<\/a><\/li><li><a href=\"#5_YIL\">5. YIL<\/a><\/li><li><a href=\"#6_YIL\">6. YIL<\/a><\/li><li><a href=\"#7_YIL\">7. YIL<\/a><\/li><li><a href=\"#8_YIL\">8. YIL<\/a><\/li><li><a href=\"#9_YIL\">9. YIL<\/a><\/li><li><a href=\"#10_YIL\">10. YIL<\/a><\/li><li><a href=\"#11_YIL\">11. YIL<\/a><\/li><\/ul><\/div>\n<h3><span id=\"1_YIL\"><strong>1. YIL<\/strong><\/span><\/h3>\n\n\n\n<p>Mescid-i Nebev\u00ee\u2019nin in\u015fas\u0131. (\u00c7at\u0131s\u0131 hurma dal\u0131ndan, dire\u011fi hurma k\u00fct\u00fc\u011f\u00fcnden yap\u0131lan mescidin k\u0131blesi o d\u00f6nemlerde M\u00fcsl\u00fcmanlar\u0131n k\u0131blesi olan Kud\u00fcs taraf\u0131na do\u011fruydu. Bir y\u0131l sonra k\u0131ble K\u00e2be\u2019ye \u00e7evrildi.)<\/p>\n\n\n\n<p>Ezan uygulamas\u0131n\u0131n ba\u015flat\u0131lmas\u0131.<\/p>\n\n\n\n<p>Muhacir-ensar aras\u0131 karde\u015flik anla\u015fmas\u0131. (Cemaziyelahir ay\u0131) (Peygamberimiz Aleyhisselam Mekke\u2019den gelen muhacirlerle Medineli ensar aras\u0131ndaki ili\u015fkiyi g\u00fc\u00e7lendirmek amac\u0131yla her iki ki\u015fi aras\u0131nda karde\u015flik anla\u015fmas\u0131 yapm\u0131\u015ft\u0131r. O kadar ki biri \u00f6l\u00fcnce di\u011feri ona miras\u00e7\u0131 olabiliyordu. Sonralar\u0131 bu miras olay\u0131 kald\u0131r\u0131lm\u0131\u015ft\u0131r.)<\/p>\n\n\n\n<p>Peygamberimizin Hz. Ai\u015fe ile evlili\u011fi -zifaf- (\u015eevval ay\u0131)<\/p>\n\n\n\n<p>Sa\u2019d b. Ebi Vakkas Seriyyesi (Zilkade ay\u0131) (Seriyye, Peygamber Efendimizin kat\u0131lmad\u0131\u011f\u0131 ke\u015fif kolu veya harp m\u00fcfrezesi demektir. Efendimizin kat\u0131ld\u0131klar\u0131na gazve denir. Toplam 35 seriyye, 26 gazve yap\u0131lm\u0131\u015ft\u0131r.)<\/p>\n\n\n\n<h3><span id=\"2_YIL\"><strong>2. YIL<\/strong><\/span><\/h3>\n\n\n\n<p>Cihad\u0131n me\u015fru k\u0131l\u0131n\u0131\u015f\u0131. (M\u00fc\u015friklerin zul\u00fcm ve bask\u0131s\u0131na 13 y\u0131l boyunca sabredilmi\u015f, nihayet Medine\u2019de M\u00fcsl\u00fcmanlar d\u00fc\u015fmana kar\u015f\u0131 koyacak g\u00fcce ula\u015f\u0131nca fiili cihad i\u00e7in Allah taraf\u0131ndan izin verilmi\u015ftir.)<\/p>\n\n\n\n<p>Veddan (Ebv\u00e2) Gazvesi. (Safer ay\u0131) (Hazreti Peygamberimizin kat\u0131ld\u0131\u011f\u0131 ilk gazvedir. Ordunun beyaz bir sanca\u011f\u0131 vard\u0131 ve Kurey\u015f kervan\u0131 i\u00e7in 60 s\u00fcvari ile yola \u00e7\u0131k\u0131lm\u0131\u015ft\u0131.)<\/p>\n\n\n\n<p>K\u0131ble\u2019nin K\u00e2be\u2019ye \u00e7evrilmesi. (Recep ay\u0131) (Peygamber Efendimiz bundan \u00f6nce 16 ay Kud\u00fcs-Mescid-i Aksa taraf\u0131na do\u011fru namaz k\u0131l\u0131yordu. Yahudilerin \u201cbize kar\u015f\u0131 \u00e7\u0131k\u0131yor, ama k\u0131blemize tabi oluyor\u201c dedi\u011fini duyunca, k\u0131blenin atas\u0131 Hazreti \u0130brahim\u2019in k\u0131blesi olan K\u00e2be taraf\u0131na \u00e7evrilmesini arzulamaya ba\u015flam\u0131\u015ft\u0131. Nihayet yeni k\u0131ble i\u00e7in ilah\u00ee emir geldi.)<\/p>\n\n\n\n<p>Oru\u00e7 ve Zek\u00e2t\u0131n farz k\u0131l\u0131n\u0131\u015f\u0131. (\u015eaban ay\u0131)<\/p>\n\n\n\n<p>B\u00fcy\u00fck Bedir Gazvesi. (17 Ramazan. 13 Mart 624) (M\u00fcsl\u00fcmanlar\u0131n ilk b\u00fcy\u00fck sava\u015f\u0131d\u0131r. Medine\u2019nin g\u00fcneybat\u0131s\u0131ndaki Bedir\u2019de yap\u0131ld\u0131\u011f\u0131ndan bu ad\u0131 alm\u0131\u015ft\u0131r. M\u00fcsl\u00fcman ordu 305, Kurey\u015f ordusu 950-1000 ki\u015fiydi. G\u00f6kten melek ordular\u0131n\u0131n g\u00f6nderildi\u011fi sava\u015f M\u00fcsl\u00fcmanlar\u0131n zaferiyle sonu\u00e7land\u0131.)<\/p>\n\n\n\n<p>Hz. Peygamberin k\u0131z\u0131 Rukiyye\u2019nin vefat\u0131. (Peygamber Efendimizin d\u00f6rt k\u0131z\u0131, \u00fc\u00e7 o\u011flu d\u00fcnyaya gelmi\u015fti. Zeynep\u2019ten sonra b\u00fcy\u00fck k\u0131z\u0131 olan Rukiyye, Hazreti Osman\u2019la evlenmi\u015f ve Bedir Sava\u015f\u0131 g\u00fcnlerinde vefat etmi\u015ftir.)<\/p>\n\n\n\n<p>Hz. Ali ve Fat\u0131ma\u2019n\u0131n evlili\u011fi. (Evlilik Bedir d\u00f6n\u00fc\u015f\u00fc olmu\u015ftur. Hazreti Fat\u0131ma bu s\u0131rada 15 ya\u015f\u0131ndad\u0131r. Efendimizin soyu yaln\u0131z kendisiyle devam eder. Hazreti Fat\u0131ma, Peygamber Efendimizden 6 ay sonra vefat etmi\u015ftir.)<\/p>\n\n\n\n<p>Beni Kaynuka Gazvesi. (\u015eevval ay\u0131. Nisan 624) (Kaynukao\u011fullar\u0131, M\u00fcsl\u00fcmanlarla yapt\u0131klar\u0131 anla\u015fmay\u0131 ilk bozan Yahudi kabiledir. Medine\u2019nin en zenginleri bunlard\u0131. On be\u015f g\u00fcnl\u00fck ku\u015fatma sonras\u0131nda 400 ki\u015filik kabile Medine d\u0131\u015f\u0131na s\u00fcr\u00fclm\u00fc\u015f, mallar\u0131 ganimet olarak al\u0131nm\u0131\u015ft\u0131r.)<\/p>\n\n\n\n<h3><span id=\"3_YIL\"><strong>3<\/strong>. <strong>YIL<\/strong><\/span><\/h3>\n\n\n\n<p>Gatafan Gazvesi. (Rabiulevvel ay\u0131) (Hicri ikinci senenin son g\u00fcnlerinde Gatafan kabilesinden Muharip ve Salebe kollar\u0131n\u0131n Z\u00fb Emer b\u00f6lgesinde toplan\u0131p Medine\u2019ye bask\u0131n yapacaklar\u0131 haberini alan Peygamber Efendimiz, 450 ki\u015fiyle onlara kar\u015f\u0131 koymak \u00fczere yola \u00e7\u0131kar. D\u00fc\u015fmanlar korkup ka\u00e7m\u0131\u015f, sonras\u0131nda \u0130slam\u2019a giren liderleri vesilesiyle \u00e7o\u011fu hidayet bulmu\u015ftur.)&nbsp;<\/p>\n\n\n\n<p>Peygamberimizin Hz. Hafsa ile (Ramazan ay\u0131) ve Zeynep binti Huzeyme ile (\u015eevval ay\u0131) evlili\u011fi. (Hazreti Hafsa, Hazreti \u00d6mer\u2019in k\u0131z\u0131d\u0131r. Sahabi e\u015fi vefat edince hicretin \u00fc\u00e7\u00fcnc\u00fc y\u0131l\u0131nda 20 ya\u015f\u0131ndayken Peygamber Efendimiz kendisiyle evlenmi\u015ftir. Hicretin 41. y\u0131l\u0131nda vefat etmi\u015ftir. Hazreti Zeynep binti Huzeyme\u2019nin ise Hazreti Hafsa\u2019dan sonra Efendimizle nik\u00e2h\u0131 k\u0131y\u0131lm\u0131\u015ft\u0131r. Yoksul ve kimsesizlere \u00e7ok yard\u0131m etti\u011fi i\u00e7in kendisine \u201cyoksullar\u0131n annesi\u201d denmi\u015ftir. Efendimizle nik\u00e2hland\u0131ktan iki veya \u00fc\u00e7 ay sonra vefat etmi\u015ftir.)<\/p>\n\n\n\n<p>Uhud Gazvesi. (15 \u015eevval. Ocak 625) (Uhud Da\u011f\u0131 civar\u0131nda m\u00fc\u015friklerle yap\u0131lan ve ba\u015f\u0131nda M\u00fcsl\u00fcmanlar\u0131n galip geldi\u011fi, fakat Efendimizin s\u00f6z\u00fcnden \u00e7\u0131k\u0131ld\u0131ktan sonra ma\u011flup olunan sava\u015ft\u0131r. D\u00fc\u015fman taraf\u0131ndan 20-30 ki\u015fi \u00f6l\u00fcrken, M\u00fcsl\u00fcmanlar 70 \u015fehit vermi\u015flerdir.)<\/p>\n\n\n\n<h3><span id=\"4_YIL\"><strong>4.<\/strong> <strong>YIL<\/strong><\/span><\/h3>\n\n\n\n<p>Bi\u2019ri Maune Facias\u0131. (Safer ay\u0131) (Peygamber Efendimizden din hocas\u0131 olarak istenen 70 se\u00e7kin sahabenin ihanete u\u011frayarak Maune Kuyusu \u00e7evresinde \u015fehit edildi\u011fi faciad\u0131r.)<\/p>\n\n\n\n<p>Beni Nadr Gazvesi. (Rabiulevvel ay\u0131. A\u011fustos 625) (Peygamber Efendimizin diyet \u00f6demek amac\u0131yla yurtlar\u0131nda oldu\u011fu s\u0131rada Yahudi Beni Nadr kabilesinin ona suikast planlamak suretiyle M\u00fcsl\u00fcmanlarla yapt\u0131klar\u0131 anla\u015fmay\u0131 bozmalar\u0131 \u00fczerine, kendilerine yap\u0131lan ku\u015fatmad\u0131r. 15 g\u00fcnl\u00fck ku\u015fatma sonras\u0131nda yanlar\u0131na alabildikleri kadar mal al\u0131p Medine d\u0131\u015f\u0131nda ya\u015famalar\u0131na izin verilmi\u015ftir.)&nbsp;<\/p>\n\n\n\n<p>Peygamberimizin \u00dcmm\u00fc Seleme ile evlili\u011fi. (\u015eevval ay\u0131) (As\u0131l ismi Hind olup Mekke\u2019den Habe\u015fistan\u2019a hicret eden ilk M\u00fcsl\u00fcmanlardand\u0131. Sahabenin f\u0131k\u0131h uzmanlar\u0131ndan olan \u00dcmm\u00fc Seleme validemiz, Efendimizle evlendi\u011finde 30 ya\u015f\u0131ndayd\u0131. Hicri 61 y\u0131l\u0131nda 90 ya\u015flar\u0131nda vefat etmi\u015ftir.)<\/p>\n\n\n\n<h3><span id=\"5_YIL\"><strong>5. YIL<\/strong><\/span><\/h3>\n\n\n\n<p>Beni Mustalik Gazvesi. (\u015eaban ay\u0131. Aral\u0131k 626) (Huz\u00e2a kabilesinin bir kolu olan Mustalik O\u011fullar\u0131n\u0131n birka\u00e7 Arap kabilesiyle birlikte Medine\u2019ye h\u00fccum edecekleri duyulunca, kendilerine yap\u0131lan sald\u0131r\u0131d\u0131r. M\u00fcsl\u00fcmanlar\u0131n zafer kazand\u0131\u011f\u0131 harek\u00e2tta esirler aras\u0131nda kabile reislerinin k\u0131z\u0131 olan C\u00fcveyriye ile Peygamber Efendimizin nik\u00e2h k\u0131ymas\u0131, kabileden bir\u00e7ok ki\u015finin \u0130slam\u2019a girmesine sebep olmu\u015ftur.)<\/p>\n\n\n\n<p>\u0130fk Hadisesi. (\u015eaban ay\u0131) (Beni Mustalik Gazvesi d\u00f6n\u00fc\u015f\u00fc Peygamberimizin han\u0131m\u0131 Hazreti Ai\u015fe\u2019nin iffetine at\u0131lan b\u00fcy\u00fck iftira olay\u0131d\u0131r. S\u0131k\u0131nt\u0131l\u0131 ge\u00e7en bir zaman\u0131n ard\u0131ndan Allah Te\u00e2l\u00e2 taraf\u0131ndan m\u00fcminlerin annesinin en ufak bir iffetsizli\u011fi bulunmad\u0131\u011f\u0131 bildirilmi\u015ftir.)<\/p>\n\n\n\n<p>Hendek Gazvesi. (\u015eevval ay\u0131. \u015eubat 627) (\u0130slamiyet\u2019i tamamen yok etmek isteyen Mekkeliler, Ebu S\u00fcfyan komutas\u0131nda yeni bir orduyla, Miladi 627 y\u0131l\u0131nda Medine \u00fczerine y\u00fcr\u00fcrler. \u0130ranl\u0131 sahabe Selman-\u0131 Farisi\u2019nin \u00f6nerisi \u00fczerine \u015fehrin etraf\u0131na uzun ve derin bir hendek kaz\u0131l\u0131r. Olduk\u00e7a zorlu ge\u00e7en ku\u015fatma sonras\u0131nda m\u00fc\u015frik ordu geri \u00e7ekilmek zorunda kalm\u0131\u015ft\u0131r.)<\/p>\n\n\n\n<p>Beni Kureyza Gazvesi. (Zilkade ay\u0131. Mart 627) (Hendek Sava\u015f\u0131\u2019n\u0131n hemen ard\u0131ndan M\u00fcsl\u00fcmanlarla yapt\u0131\u011f\u0131 anla\u015fmaya sadakat g\u00f6stermeyen Kureyza O\u011fullar\u0131 Yahudilerine hicretin be\u015finci y\u0131l\u0131nda yap\u0131lan ku\u015fatmad\u0131r. Verilen ceza, Yahudi hukukuna uygun olarak eli silah tutan 600 erke\u011fin \u00f6ld\u00fcr\u00fclmesi, kad\u0131n ve \u00e7ocuklar\u0131n esir olarak al\u0131nmas\u0131yd\u0131.)<\/p>\n\n\n\n<h3><span id=\"6_YIL\"><strong>6. YIL<\/strong><\/span><\/h3>\n\n\n\n<p>Hudeybiye Bar\u0131\u015f Anla\u015fmas\u0131 (Zilkade ay\u0131. Mart 628) (6 y\u0131ld\u0131r \u00f6zlemini \u00e7ektikleri K\u00e2be\u2019yi ziyaret maksad\u0131yla Mekke\u2019ye gelen M\u00fcsl\u00fcmanlar\u0131 engelleyen m\u00fc\u015friklerle yap\u0131lan anla\u015fmad\u0131r. Anla\u015fma \u015fartlar\u0131 ba\u015fta olumsuz g\u00f6z\u00fckse de sonradan M\u00fcsl\u00fcmanlara \u00e7ok faydas\u0131 olmu\u015ftur. M\u00fcsl\u00fcmanlar\u0131n ilk defa resmi g\u00fc\u00e7 olarak tan\u0131nd\u0131\u011f\u0131 bu s\u00fcre\u00e7ten sonra, g\u00fc\u00e7 dengesi hep M\u00fcsl\u00fcmanlar\u0131n lehine i\u015flemeye ba\u015flar.)<\/p>\n\n\n\n<h3><span id=\"7_YIL\"><strong>7. YIL<\/strong><\/span><\/h3>\n\n\n\n<p>Hayber Fethi. (Muharrem ay\u0131. May\u0131s 628) (Hudeybiye Bar\u0131\u015f\u0131\u2019yla Mekkeli m\u00fc\u015friklerle sa\u011flanan sulh ortam\u0131nda Medine kuzeyindeki Yahudi topluluklar\u0131n\u0131n, \u00f6zellikle Hayber Yahudilerinin itaat alt\u0131na al\u0131nmas\u0131d\u0131r. M\u00fcsl\u00fcmanlar bir\u00e7ok ganimete kavu\u015fmu\u015f, Yahudiler sonunda cizye vermeye raz\u0131 olmu\u015ftur.)<\/p>\n\n\n\n<p>Peygamberimizin Safiye binti Huyey ve \u00dcmm\u00fc Habibe ile evlili\u011fi.<\/p>\n\n\n\n<p>Habe\u015fistan\u2019a hicret eden M\u00fcsl\u00fcmanlar\u0131n Medine\u2019ye d\u00f6n\u00fc\u015f\u00fc.<\/p>\n\n\n\n<p>Kaza Umresi (Zilkade. Mart 629)<\/p>\n\n\n\n<p>\u0130slam\u2019a davet i\u00e7in \u00e7evre krall\u0131k ve y\u00f6neticilere el\u00e7iler g\u00f6nderilmesi.<\/p>\n\n\n\n<h3><span id=\"8_YIL\"><strong>8. YIL<\/strong><\/span><\/h3>\n\n\n\n<p>Hz. Peygamberin k\u0131z\u0131 Zeyneb\u2019in vefat\u0131 (Muharrem ay\u0131)<\/p>\n\n\n\n<p>M\u00fbte Seriyesi (Cemaziyel\u00fbla. Eyl\u00fcl 629) (Peygamberimizin el\u00e7isinin \u00f6ld\u00fcr\u00fclmesi \u00fczerine M\u00fcsl\u00fcmanlarla Hristiyanlar (Rumlar ve Hristiyan Araplar) aras\u0131nda yap\u0131lan ilk sava\u015ft\u0131r. 200 bin (veya 100 bin) ki\u015filik d\u00fc\u015fman ordusuna kar\u015f\u0131 M\u00fcsl\u00fcmanlar 3 bin ki\u015fiydi.)<\/p>\n\n\n\n<p>Hudeybiye Bar\u0131\u015f\u0131\u2019n\u0131n Bozulmas\u0131.<\/p>\n\n\n\n<p>Mekke Fethi. (20 Ramazan. 11 Ocak 630)<\/p>\n\n\n\n<p>Huneyn Gazvesi. (6 \u015eevval. 27 Ocak 630.) (Mekke\u2019nin Fethi\u2019nden 16 g\u00fcn sonra Arabistan\u2019\u0131n en b\u00fcy\u00fck kabilelerinden Hevazin ve m\u00fcttefikleriyle H\u00fcneyn Vadisi\u2019nde yap\u0131lan sava\u015ft\u0131r. 20 bin ki\u015filik d\u00fc\u015fman ordusuna 12 bin ki\u015filik M\u00fcsl\u00fcmanlar galip geldi.)<\/p>\n\n\n\n<h3><span id=\"9_YIL\"><strong>9. YIL<\/strong><\/span><\/h3>\n\n\n\n<p>Kabile el\u00e7ilerinin biat i\u00e7in geli\u015fi. (Arab Yar\u0131madas\u0131ndan 70 kadar Arap kabilesinin Peygamberimize gelip biat etmesidir.)<\/p>\n\n\n\n<p>Teb\u00fck Gazvesi. (Recep ay\u0131. Eyl\u00fcl 630) (30 bin ki\u015filik M\u00fcsl\u00fcman ordusuyla Bizans g\u00fc\u00e7leri ve Hristiyan Arap kabileleriyle sava\u015fmak i\u00e7in Teb\u00fck Kasabas\u0131\u2019na yap\u0131lan askeri sefer. D\u00fc\u015fman g\u00fc\u00e7leri M\u00fcsl\u00fcman ordunun kar\u015f\u0131s\u0131na \u00e7\u0131kamay\u0131nca muharebe ger\u00e7ekle\u015fmeden geri d\u00f6n\u00fclm\u00fc\u015ft\u00fcr.)<\/p>\n\n\n\n<p>Peygamberimizin k\u0131z\u0131 \u00dcmm\u00fc G\u00fcls\u00fcm\u2019\u00fcn vefat\u0131.<\/p>\n\n\n\n<p>Hz. Ebu Bekir&#8217;in hac emirli\u011fi. (Zilh\u0131cce ay\u0131. \u015eubat 631)<\/p>\n\n\n\n<h3><span id=\"10_YIL\"><strong>10. YIL<\/strong><\/span><\/h3>\n\n\n\n<p>Peygamberimizin o\u011flu \u0130brahim\u2019in vefat\u0131 (8 \u015eevval. Ocak 632) (Efendimizin en k\u00fc\u00e7\u00fck ve yedinci \u00e7ocu\u011fuydu. Di\u011fer 6 \u00e7ocu\u011fu ilk han\u0131m\u0131 Hatice\u2019den, \u0130brahim ise M\u0131s\u0131rl\u0131 Mariye\u2019den d\u00fcnyaya gelmi\u015ftir. \u00d6ld\u00fc\u011f\u00fcnde 2 ya\u015f\u0131n\u0131 doldurmam\u0131\u015ft\u0131.)<\/p>\n\n\n\n<p>Veda Hacc\u0131 (Zilh\u0131cce ay\u0131. Mart 632) (Efendimizin ashab\u0131yla b\u00fcy\u00fck \u00e7apl\u0131 son bulu\u015fmas\u0131d\u0131r. Efendimiz 120 bine yak\u0131n sahabeye me\u015fhur Veda Hutbesi\u2019ni okumu\u015ftur.)<\/p>\n\n\n\n<h3><span id=\"11_YIL\"><strong>11<\/strong>. <strong>YIL<\/strong><\/span><\/h3>\n\n\n\n<p>\u00dcsame bin Zeyd Seriyyesi (26 Safer) (Peygamberimiz Hazreti \u00dcsame\u2019yi orduya komutan se\u00e7ti\u011finde, \u00dcsame 20 ya\u015f\u0131ndayd\u0131.)<\/p>\n\n\n\n<p>Hz. Peygamberin vefat\u0131. (1 veya 12 Rabiulevvel. 27 May\u0131s 632)<\/p>\n\n\n\n<blockquote class=\"wp-block-quote\"><p><strong>Bu makaleyi okuyanlar i\u00e7in tavsiye yaz\u0131: <a href=\"https:\/\/www.emedrese.com.tr\/blog\/islamiyet-oncesi-dunya-tarihi\/\" target=\"_blank\" rel=\"noopener\" title=\"\u0130slamiyet \u00d6ncesi D\u00fcnya Tarihi\">&#8220;\u0130slamiyet \u00d6ncesi D\u00fcnya Tarihi&#8221;<\/a><\/strong><\/p><\/blockquote>\n","protected":false},"excerpt":{"rendered":"<p>\u0130&ccedil;indekiler1. YIL2. YIL3. YIL4. YIL5. YIL6. YIL7. YIL8. YIL9. YIL10. YIL11. YIL 1. YIL Mescid-i Nebev\u00ee\u2019nin in\u015fas\u0131. (\u00c7at\u0131s\u0131 hurma dal\u0131ndan, dire\u011fi hurma k\u00fct\u00fc\u011f\u00fcnden yap\u0131lan mescidin k\u0131blesi o d\u00f6nemlerde M\u00fcsl\u00fcmanlar\u0131n k\u0131blesi olan Kud\u00fcs taraf\u0131na do\u011fruydu. Bir y\u0131l sonra k\u0131ble K\u00e2be\u2019ye \u00e7evrildi.) Ezan uygulamas\u0131n\u0131n ba\u015flat\u0131lmas\u0131. Muhacir-ensar aras\u0131 karde\u015flik anla\u015fmas\u0131. (Cemaziyelahir ay\u0131) (Peygamberimiz Aleyhisselam Mekke\u2019den gelen muhacirlerle Medineli [&hellip;]<\/p>\n","protected":false},"author":20,"featured_media":4288,"comment_status":"open","ping_status":"open","sticky":false,"template":"","format":"standard","meta":[],"categories":[599],"tags":[],"aioseo_notices":[],"_links":{"self":[{"href":"https:\/\/www.emedrese.com.tr\/blog\/wp-json\/wp\/v2\/posts\/3911"}],"collection":[{"href":"https:\/\/www.emedrese.com.tr\/blog\/wp-json\/wp\/v2\/posts"}],"about":[{"href":"https:\/\/www.emedrese.com.tr\/blog\/wp-json\/wp\/v2\/types\/post"}],"author":[{"embeddable":true,"href":"https:\/\/www.emedrese.com.tr\/blog\/wp-json\/wp\/v2\/users\/20"}],"replies":[{"embeddable":true,"href":"https:\/\/www.emedrese.com.tr\/blog\/wp-json\/wp\/v2\/comments?post=3911"}],"version-history":[{"count":4,"href":"https:\/\/www.emedrese.com.tr\/blog\/wp-json\/wp\/v2\/posts\/3911\/revisions"}],"predecessor-version":[{"id":5237,"href":"https:\/\/www.emedrese.com.tr\/blog\/wp-json\/wp\/v2\/posts\/3911\/revisions\/5237"}],"wp:featuredmedia":[{"embeddable":true,"href":"https:\/\/www.emedrese.com.tr\/blog\/wp-json\/wp\/v2\/media\/4288"}],"wp:attachment":[{"href":"https:\/\/www.emedrese.com.tr\/blog\/wp-json\/wp\/v2\/media?parent=3911"}],"wp:term":[{"taxonomy":"category","embeddable":true,"href":"https:\/\/www.emedrese.com.tr\/blog\/wp-json\/wp\/v2\/categories?post=3911"},{"taxonomy":"post_tag","embeddable":true,"href":"https:\/\/www.emedrese.com.tr\/blog\/wp-json\/wp\/v2\/tags?post=3911"}],"curies":[{"name":"wp","href":"https:\/\/api.w.org\/{rel}","templated":true}]}}