{"id":4117,"date":"2020-09-12T12:15:04","date_gmt":"2020-09-12T09:15:04","guid":{"rendered":"https:\/\/www.emedrese.com.tr\/blog\/?p=4117"},"modified":"2022-09-24T15:06:33","modified_gmt":"2022-09-24T12:06:33","slug":"olumsuzler-fihristi-1","status":"publish","type":"post","link":"https:\/\/www.emedrese.com.tr\/blog\/olumsuzler-fihristi-1\/","title":{"rendered":"\u00d6l\u00fcms\u00fczler Fihristi -1-"},"content":{"rendered":"\n<div id=\"toc_container\" class=\"toc_wrap_left no_bullets\"><p class=\"toc_title\">\u0130&ccedil;indekiler<\/p><ul class=\"toc_list\"><li><a href=\"#MAVERDI\">MAVERD\u0130<\/a><\/li><li><a href=\"#ZEMAHSERI\">ZEMAH\u015eER\u0130<\/a><\/li><li><a href=\"#SALEBI\">SA\u2019LEB\u0130<\/a><\/li><li><a href=\"#IBNI_SINA\">\u0130BN\u0130 S\u0130NA<\/a><\/li><li><a href=\"#IBNI_ARABI\">\u0130BN\u0130 AR\u00c2B\u0130<\/a><\/li><\/ul><\/div>\n<h3><span id=\"MAVERDI\"><strong>MAVERD\u0130<\/strong><\/span><\/h3>\n\n\n\n<p>Maverdi derler ona, g\u00fcl yeti\u015ftiren bir baban\u0131n evlad\u0131yd\u0131 zira. Basra&#8217;da do\u011fdu, Ba\u011fdat&#8217;ta terki d\u00fcnya eyledi. Uzun ya\u015fad\u0131. 85&#8217;i devirdi. Hem fakih hem m\u00fcfessir hem de dilciydi. Umera z\u00fcmresiyle aras\u0131 iyiydi. B\u00fcveyhiler ile Abbasilerin kavgas\u0131na son verdi. Kad\u0131&#8217;l-Kudat vasf\u0131n\u0131 hak eyledi. &#8216;Ahkam\u00fc&#8217;s-Sultaniye&#8217;yle \u015farkta ve garbta n\u00e2m belledi. Derler ki Mutezili mi Ehli S\u00fcnnet mi ihtilafl\u0131d\u0131r. Amelde mezhebi \u015eafii&#8217;dir. Bunda ittifak vard\u0131r.<\/p>\n\n\n\n<h3><span id=\"ZEMAHSERI\"><strong>ZEMAH\u015eER\u0130<\/strong><\/span><\/h3>\n\n\n\n<p>Harezm&#8217;in h\u0131r\u00e7\u0131n ayaz\u0131 \u0131s\u0131rd\u0131 aya\u011f\u0131n\u0131, kald\u0131 topal. Ah\u015faptan proteze y\u00e2r oldu, y\u00e2rs\u0131z ya\u015fad\u0131. &#8220;Sen topals\u0131n terzi ol, rahat et&#8221; dedi babas\u0131. Dinlemedi. \u00c7ald\u0131 medresenin kap\u0131s\u0131n\u0131, girdi i\u00e7eri. Dildi onu \u00fcst\u00fcn yapan ama as\u0131l sorun fakirdi. Bu y\u00fczden olsa gerek methiye d\u00fczmedi\u011fi melik g\u00f6r\u00fclmedi. Nihayet bir \u0130bni Vahha\u015f \u00e7\u0131kt\u0131, imdad\u0131na yeti\u015fti. &#8220;Bir tefsir yaz sen, b\u0131rak gerisini bana&#8221; dedi. Bu mevsimin meyvesiydi &#8220;Ke\u015f\u015faf.&#8221; Hem beli\u011f hem ilmiydi. Sevilmedi bir t\u00fcrl\u00fc \u00e7\u00fcnk\u00fc Mutezili&#8217;ydi. Sanki biraz da kibirli. Ama ne olursa olsun C\u00e2rullah diye bilindi. Zira beyti Beytullah&#8217;\u0131n dibindeydi.<\/p>\n\n\n\n<h3><span id=\"SALEBI\"><strong>SA\u2019LEB\u0130<\/strong><\/span><\/h3>\n\n\n\n<p>Tilki derisi d\u00f6verdi. Mesle\u011fi buydu en ba\u015fta. Ad\u0131 Ebu \u0130shak&#8217;t\u0131 ama Sa&#8217;lebi derlerdi bu meyanda. Ni\u015fapur hem be\u015fi\u011fi hem mezar\u0131 hem de rahleye diz k\u0131rd\u0131\u011f\u0131 ilk mektebiydi. Tesfir ve Arap\u00e7ada otoriteydi. D\u00f6neminin tac\u0131 ba\u015f\u0131nda hem z\u00e2hidi hem \u00e2limiydi. Tasavvufu tefsire mezc etti. &#8216;el-Ke\u015ff ve&#8217;l-Beyan\u2019\u0131 telif eyledi. Daha iyisi \u00e7ok s\u00fcre gelmedi. Ku\u015feyri der ki; &#8220;r\u00fcyamda vard\u0131m Rabbin yan\u0131na. Konu\u015ftum onunla. \u0130\u015fte Salih Kul geldi dedi. Bakt\u0131m ki gelen Sa&#8217;lebi&#8217;ydi.&#8221;<\/p>\n\n\n\n<h3><span id=\"IBNI_SINA\"><strong>\u0130BN\u0130 S\u0130NA<\/strong><\/span><\/h3>\n\n\n\n<p>\u00dcstad-\u0131 Azam dediler ona. 19\u2019unda kallavi bir kavuk koydular ba\u015f\u0131na. \u00dcn sald\u0131 mah\u015ferin d\u00f6rt bir yan\u0131na. Buhara\u2019dan \u0130spanya\u2019ya, Basra\u2019dan Atina\u2019ya. Ald\u0131 kalemi eline, vurdu saza. Bakmay\u0131n feylesof tabip oldu\u011funa. Musikinin ba\u015f\u0131 onunla de\u011fdi ar\u015fa. \u0130ki inci b\u0131rakt\u0131 d\u00fcnyaya. Biri \u201cT\u0131bb\u0131n Kanunu\u201d di\u011feri \u201cKitabu\u2019\u015f-\u015eifa.\u201d \u0130\u015fler ters gitti, d\u00fc\u015ft\u00fc mahbusa. Akabinde bir karde\u015f, bir talib ile ka\u00e7t\u0131 \u0130sfahan\u2019a. Ans\u0131z\u0131n yakaland\u0131 kolit ata\u011f\u0131na. Ve defn oldu Kabristan-\u0131 Hamedan\u2019a.<\/p>\n\n\n\n<h3><span id=\"IBNI_ARABI\"><strong>\u0130BN\u0130 AR\u00c2B\u0130<\/strong><\/span><\/h3>\n\n\n\n<p>Yolculuk End\u00fcl\u00fcs&#8217;te ba\u015flad\u0131, \u015eam&#8217;da bitti. Sin, \u015e\u0131n&#8217;a girdi\u011finde bulundu kabri. \u015eeyh-i Ekber mi yoksa Ekfer miydi? Cem-i c\u00fcmlesi ihtilaf etti. Ama m\u00fcttakiydi. Bu kesindi. Kordoval\u0131 Fat\u0131ma&#8217;ya bilabedel u\u015fakl\u0131k eyledi. 14 y\u0131l b\u00f6yle gitti. Fus\u00fbs&#8217;u r\u00fcyada Peygamberden dikte etti. Futuh\u00e2t&#8217;\u0131n (ke\u015ff) geldi\u011fi yer Mekke&#8217;ydi. Konya&#8217;da bir Sadrettin ke\u015ff etti. Hi\u00e7 durmad\u0131 icazeti verdi. Nefsi yere serdi. Postu s\u0131rta giydi. &#8220;Ben gidiyorum ama d\u00fcnya beni unutamaz&#8221; dedi.<\/p>\n","protected":false},"excerpt":{"rendered":"<p>\u0130&ccedil;indekilerMAVERD\u0130ZEMAH\u015eER\u0130SA\u2019LEB\u0130\u0130BN\u0130 S\u0130NA\u0130BN\u0130 AR\u00c2B\u0130 MAVERD\u0130 Maverdi derler ona, g\u00fcl yeti\u015ftiren bir baban\u0131n evlad\u0131yd\u0131 zira. Basra&#8217;da do\u011fdu, Ba\u011fdat&#8217;ta terki d\u00fcnya eyledi. Uzun ya\u015fad\u0131. 85&#8217;i devirdi. Hem fakih hem m\u00fcfessir hem de dilciydi. Umera z\u00fcmresiyle aras\u0131 iyiydi. B\u00fcveyhiler ile Abbasilerin kavgas\u0131na son verdi. Kad\u0131&#8217;l-Kudat vasf\u0131n\u0131 hak eyledi. &#8216;Ahkam\u00fc&#8217;s-Sultaniye&#8217;yle \u015farkta ve garbta n\u00e2m belledi. Derler ki Mutezili mi Ehli [&hellip;]<\/p>\n","protected":false},"author":1,"featured_media":4332,"comment_status":"open","ping_status":"open","sticky":false,"template":"","format":"standard","meta":[],"categories":[560],"tags":[],"aioseo_notices":[],"_links":{"self":[{"href":"https:\/\/www.emedrese.com.tr\/blog\/wp-json\/wp\/v2\/posts\/4117"}],"collection":[{"href":"https:\/\/www.emedrese.com.tr\/blog\/wp-json\/wp\/v2\/posts"}],"about":[{"href":"https:\/\/www.emedrese.com.tr\/blog\/wp-json\/wp\/v2\/types\/post"}],"author":[{"embeddable":true,"href":"https:\/\/www.emedrese.com.tr\/blog\/wp-json\/wp\/v2\/users\/1"}],"replies":[{"embeddable":true,"href":"https:\/\/www.emedrese.com.tr\/blog\/wp-json\/wp\/v2\/comments?post=4117"}],"version-history":[{"count":4,"href":"https:\/\/www.emedrese.com.tr\/blog\/wp-json\/wp\/v2\/posts\/4117\/revisions"}],"predecessor-version":[{"id":4721,"href":"https:\/\/www.emedrese.com.tr\/blog\/wp-json\/wp\/v2\/posts\/4117\/revisions\/4721"}],"wp:featuredmedia":[{"embeddable":true,"href":"https:\/\/www.emedrese.com.tr\/blog\/wp-json\/wp\/v2\/media\/4332"}],"wp:attachment":[{"href":"https:\/\/www.emedrese.com.tr\/blog\/wp-json\/wp\/v2\/media?parent=4117"}],"wp:term":[{"taxonomy":"category","embeddable":true,"href":"https:\/\/www.emedrese.com.tr\/blog\/wp-json\/wp\/v2\/categories?post=4117"},{"taxonomy":"post_tag","embeddable":true,"href":"https:\/\/www.emedrese.com.tr\/blog\/wp-json\/wp\/v2\/tags?post=4117"}],"curies":[{"name":"wp","href":"https:\/\/api.w.org\/{rel}","templated":true}]}}