{"id":4121,"date":"2020-09-12T12:15:51","date_gmt":"2020-09-12T09:15:51","guid":{"rendered":"https:\/\/www.emedrese.com.tr\/blog\/?p=4121"},"modified":"2022-09-24T15:05:23","modified_gmt":"2022-09-24T12:05:23","slug":"olumsuzler-fihristi-5","status":"publish","type":"post","link":"https:\/\/www.emedrese.com.tr\/blog\/olumsuzler-fihristi-5\/","title":{"rendered":"\u00d6l\u00fcms\u00fczler Fihristi -5-"},"content":{"rendered":"\n<div id=\"toc_container\" class=\"toc_wrap_left no_bullets\"><p class=\"toc_title\">\u0130&ccedil;indekiler<\/p><ul class=\"toc_list\"><li><a href=\"#Ibn-i_Hazm\">\u0130bn-i Hazm<\/a><\/li><li><a href=\"#Katip_Celebi\">K\u00e2tip \u00c7elebi<\/a><\/li><li><a href=\"#Ibnul-Heysem\">\u0130bn\u00fc\u2019l-Heysem<\/a><\/li><li><a href=\"#Ibn-i_Hisam\">\u0130bn-i Hi\u015fam<\/a><\/li><li><a href=\"#Kurtubi\">Kurt\u00fbb\u00ee<\/a><\/li><\/ul><\/div>\n<h3><span id=\"Ibn-i_Hazm\"><strong>\u0130bn-i Hazm<\/strong><\/span><\/h3>\n\n\n\n<p>Do\u011fdu\u011fu yer Rabaz-\u0131 Minyet\u00fc\u2019l-Mu\u011fire (Kurtuba). \u0130htilaf edildi nesebinde. Kimi isnat etti Araba kimisi Aceme. Pederi n\u00fcfuz sahibiydi devlet ricali beyninde. M\u00fcl\u00fbku\u2019t-Tavaif\u00ee\u2019nin suduru ile d\u00fc\u015ft\u00fc sefalete. Bir vebada veda etti hem pederine hem a\u011fabeyine. Ve dahi y\u0131llar\u0131 gitti s\u00fcrg\u00fcnden s\u00fcrg\u00fcne, mahbesten mahbese. Do\u011fdu\u011fu sarayda ba\u015flad\u0131 tedrise. Tahsil g\u00f6rd\u00fc edebiyat, tarih, mant\u0131k ve felsefede. el-\u0130hkam\u2019\u0131 bitirse de yetmedi \u00f6mr\u00fc el-Muhalla\u2019y\u0131 itmam etmeye. Vaktinin son evresinde, huzur vermedi ona \u0130\u015fbiliye. D\u00f6nd\u00fc ata diyar\u0131 Leble\u2019ye. Bekledi 456 senesini \u00f6l\u00fcm\u00fc gelinceye.<\/p>\n\n\n\n<h3><span id=\"Katip_Celebi\"><strong>K\u00e2tip \u00c7elebi<\/strong><\/span><\/h3>\n\n\n\n<p>\u015eehr-i Sitanbul\u2019dad\u0131r veladeti. Do\u011fuda Hac\u0131 Halife, Bat\u0131da Hac\u0131 Kalfa diye bilindi. Tarih, co\u011frafya ve bibliyografyada \u00f6nemli yap\u0131tlar verdi. Medrese d\u00fc\u015f\u00fcncesini tenkit etti. Devrin me\u015fhur bilginleri ile eksiklerini giderdi. Bir k\u00fct\u00fcphanesi vard\u0131 ki Karun\u2019un m\u00fclk\u00fcnden bile azimdi. Takv\u00eem\u00fc\u2019t-Tev\u00e2rih ile ikinci halifeli\u011fe getirildi. Osmanl\u0131 co\u011frafyac\u0131l\u0131\u011f\u0131nda bir \u00e7\u0131\u011f\u0131r idi. Cihann\u00fcma ehliyetinin simgesiydi. Ke\u015ffu\u2019z-Zun\u00fbn ile Bat\u0131da i\u015ftihar etti. Do\u011fdu\u011fu topraklarda terk-i d\u00fcnya eyledi.<\/p>\n\n\n\n<h3><span id=\"Ibnul-Heysem\"><strong>\u0130bn\u00fc\u2019l-Heysem<\/strong><\/span><\/h3>\n\n\n\n<p>\u0130bn\u00fc\u2019l-Heysem\u2019i anlat dediler bize. Hakk\u0131nda bilgi yok ki elimizde. Ne biliyorsak bug\u00fcn indinde, \u0130bni Eb\u00ee Usaybi\u00e2 sayesinde. Ustal\u0131k alanlar\u0131: matematik, astronomi, felsefe\u2026 Optik tatavvur etti himmetiyle. Ondan daha bilgini bulunmazd\u0131 o devirde. Kit\u00e2b\u00fc\u2019l-Men\u00e2z\u0131r ile sille att\u0131 istikbale. \u015e\u00f6hreti \u00f6yle b\u00fcy\u00fckt\u00fcr ki \u00e2lemde, ismini bilmeyen yaz\u0131k eder kendine. \u00c7a\u011fda\u015ft\u0131 \u0130bni Sina, Miskeveyh ve Bir\u00fbn\u00ee ile. Yoktu i\u015fi para, pul, mal ve mevkiyle. Yaz\u0131s\u0131yla para kazanan bir zahitti ittifak b\u00f6yle. \u015eimdi defnedildi\u011fi yerde, yats\u0131n nurlar i\u00e7inde.<\/p>\n\n\n\n<h3><span id=\"Ibn-i_Hisam\"><strong>\u0130bn-i Hi\u015fam<\/strong><\/span><\/h3>\n\n\n\n<p>Basra\u2019da do\u011fdu Fustat\u2019ta ikamet etti. \u0130mam-\u0131 \u015eafii ile burada halle\u015fti. Tarih, dil ve ensab ilminde derinle\u015fti. Ahbar, \u015fiir, nahiv ve l\u00fcgatte de fena de\u011fildi. \u0130bn-i \u0130shak\u2019\u0131n siyerini tertipledi. Pek b\u00fcy\u00fck bir \u00fcn belledi. K\u0131ft\u00ee\u2019den Seh\u00e2v\u00ee\u2019ye pek \u00e7o\u011fu \u201csiyerde en sahih kaynak budur\u201d dedi. Kendinden sonrakilere tesir etti. Ya\u015fad\u0131\u011f\u0131 yer Fustat\u2019ta vefat eyledi.<\/p>\n\n\n\n<h3><span id=\"Kurtubi\"><strong>Kurt\u00fbb\u00ee<\/strong><\/span><\/h3>\n\n\n\n<p>Do\u011fdu\u011fu yer Kurtuba. Hristiyan, Yahudi, M\u00fcsl\u00fcman bir arada. Toprak ta\u015f\u0131d\u0131 gen\u00e7 ya\u015flarda. Babas\u0131 \u00e7oktan g\u00f6\u00e7m\u00fc\u015ft\u00fc ukbaya. Yine de ilme sar\u0131ld\u0131 i\u015ftiyakla. Ne zaman ki istila edildi Kurtuba, o vakit g\u00f6\u00e7t\u00fc M\u0131s\u0131r\u2019a. Ona dediler ki \u201cilimde bir derya\u201d. Tefsir, hadis, k\u0131raat ve f\u0131k\u0131hta pek bir derindi zira. Maliki\u2019ydi ama kar\u015f\u0131yd\u0131 mezhep taassubuna. Kar\u015f\u0131 de\u011fildi tasavvufa. Bat\u0131l bula\u015fmam\u0131\u015fsa hamuruna&#8230; Tenkit etti devlet ricalini cesurca. Kuran ve s\u00fcnnet yolunda, durmadan y\u00fcr\u00fcd\u00fc \u00f6mr\u00fc boyunca.<\/p>\n","protected":false},"excerpt":{"rendered":"<p>\u0130&ccedil;indekiler\u0130bn-i HazmK\u00e2tip \u00c7elebi\u0130bn\u00fc\u2019l-Heysem\u0130bn-i Hi\u015famKurt\u00fbb\u00ee \u0130bn-i Hazm Do\u011fdu\u011fu yer Rabaz-\u0131 Minyet\u00fc\u2019l-Mu\u011fire (Kurtuba). \u0130htilaf edildi nesebinde. Kimi isnat etti Araba kimisi Aceme. Pederi n\u00fcfuz sahibiydi devlet ricali beyninde. M\u00fcl\u00fbku\u2019t-Tavaif\u00ee\u2019nin suduru ile d\u00fc\u015ft\u00fc sefalete. Bir vebada veda etti hem pederine hem a\u011fabeyine. Ve dahi y\u0131llar\u0131 gitti s\u00fcrg\u00fcnden s\u00fcrg\u00fcne, mahbesten mahbese. Do\u011fdu\u011fu sarayda ba\u015flad\u0131 tedrise. Tahsil g\u00f6rd\u00fc edebiyat, tarih, [&hellip;]<\/p>\n","protected":false},"author":1,"featured_media":4332,"comment_status":"open","ping_status":"open","sticky":false,"template":"","format":"standard","meta":[],"categories":[560],"tags":[],"aioseo_notices":[],"_links":{"self":[{"href":"https:\/\/www.emedrese.com.tr\/blog\/wp-json\/wp\/v2\/posts\/4121"}],"collection":[{"href":"https:\/\/www.emedrese.com.tr\/blog\/wp-json\/wp\/v2\/posts"}],"about":[{"href":"https:\/\/www.emedrese.com.tr\/blog\/wp-json\/wp\/v2\/types\/post"}],"author":[{"embeddable":true,"href":"https:\/\/www.emedrese.com.tr\/blog\/wp-json\/wp\/v2\/users\/1"}],"replies":[{"embeddable":true,"href":"https:\/\/www.emedrese.com.tr\/blog\/wp-json\/wp\/v2\/comments?post=4121"}],"version-history":[{"count":3,"href":"https:\/\/www.emedrese.com.tr\/blog\/wp-json\/wp\/v2\/posts\/4121\/revisions"}],"predecessor-version":[{"id":4719,"href":"https:\/\/www.emedrese.com.tr\/blog\/wp-json\/wp\/v2\/posts\/4121\/revisions\/4719"}],"wp:featuredmedia":[{"embeddable":true,"href":"https:\/\/www.emedrese.com.tr\/blog\/wp-json\/wp\/v2\/media\/4332"}],"wp:attachment":[{"href":"https:\/\/www.emedrese.com.tr\/blog\/wp-json\/wp\/v2\/media?parent=4121"}],"wp:term":[{"taxonomy":"category","embeddable":true,"href":"https:\/\/www.emedrese.com.tr\/blog\/wp-json\/wp\/v2\/categories?post=4121"},{"taxonomy":"post_tag","embeddable":true,"href":"https:\/\/www.emedrese.com.tr\/blog\/wp-json\/wp\/v2\/tags?post=4121"}],"curies":[{"name":"wp","href":"https:\/\/api.w.org\/{rel}","templated":true}]}}