{"id":90,"date":"2021-09-06T14:53:40","date_gmt":"2021-09-06T11:53:40","guid":{"rendered":"http:\/\/demo.safirtema.com\/safirblog\/2018\/05\/03\/2000ler-turk-sinemasindan-en-iyi-10-film\/"},"modified":"2021-12-06T19:57:17","modified_gmt":"2021-12-06T16:57:17","slug":"imam-maturidi","status":"publish","type":"post","link":"https:\/\/www.emedrese.com.tr\/blog\/imam-maturidi\/","title":{"rendered":"\u0130mam Maturidi"},"content":{"rendered":"\n<div class=\"wp-block-image\"><figure class=\"alignright size-large is-resized\"><img decoding=\"async\" loading=\"lazy\" src=\"https:\/\/www.emedrese.com.tr\/blog\/wp-content\/uploads\/2018\/05\/Imam-Maturidi-1024x1021.jpg\" alt=\"\" class=\"wp-image-891\" width=\"220\" height=\"218\" srcset=\"https:\/\/www.emedrese.com.tr\/blog\/wp-content\/uploads\/2018\/05\/Imam-Maturidi-1024x1021.jpg 1024w, https:\/\/www.emedrese.com.tr\/blog\/wp-content\/uploads\/2018\/05\/Imam-Maturidi-150x150.jpg 150w, https:\/\/www.emedrese.com.tr\/blog\/wp-content\/uploads\/2018\/05\/Imam-Maturidi-768x765.jpg 768w, https:\/\/www.emedrese.com.tr\/blog\/wp-content\/uploads\/2018\/05\/Imam-Maturidi.jpg 1522w\" sizes=\"(max-width: 220px) 100vw, 220px\" \/><\/figure><\/div>\n\n\n\n<div id=\"toc_container\" class=\"toc_wrap_left no_bullets\"><p class=\"toc_title\">\u0130&ccedil;indekiler<\/p><ul class=\"toc_list\"><li><a href=\"#Imam_Maturidi_o333\">\u0130mam Maturidi (\u00f6.333)<\/a><ul><li><a href=\"#Hakkinda\">Hakk\u0131nda<\/a><\/li><li><a href=\"#Hayati\">Hayat\u0131<\/a><\/li><li><a href=\"#Ilim_Sahalari\">\u0130lim Sahalar\u0131<\/a><\/li><li><a href=\"#Talebeleri\">Talebeleri<\/a><\/li><li><a href=\"#Eserleri\">Eserleri<\/a><ul><li><a href=\"#Tevilatul-Kuran\">Tevilat\u00fc\u2019l-Kuran<\/a><\/li><li><a href=\"#Kitabut-Tevhid\">Kitab\u00fc\u2019t-Tevhid<\/a><\/li><\/ul><\/li><\/ul><\/li><li><a href=\"#Referanslar\">Referanslar<\/a><\/li><\/ul><\/div>\n<h2><span id=\"Imam_Maturidi_o333\"><strong>\u0130mam Maturidi (\u00f6.333)<\/strong><\/span><\/h2>\n\n\n\n<h3><span id=\"Hakkinda\"><strong>Hakk\u0131nda<\/strong><\/span><\/h3>\n\n\n\n<p>Hicri 3. asr\u0131n sonlar\u0131na do\u011fru art\u0131k <a href=\"https:\/\/islamansiklopedisi.org.tr\/selef\" title=\"https:\/\/islamansiklopedisi.org.tr\/selef\" target=\"_blank\" rel=\"noreferrer noopener\">Selef<\/a>\u2019in nakle dayal\u0131 anlay\u0131\u015f\u0131 yetersiz gelmeye ba\u015flam\u0131\u015ft\u0131. Fetihlerle geni\u015fleyen \u0130slam co\u011frafyas\u0131 s\u00fcrekli farkl\u0131 din ve k\u00fclt\u00fcrlerle kar\u015f\u0131la\u015fmakta bu kar\u015f\u0131la\u015fmalar pe\u015fi s\u0131ra hesapla\u015fmalar\u0131 getirmekteydi. Dolas\u0131yla \u0130slam akaidinin sa\u011flam bir temele oturmas\u0131 ve <a href=\"https:\/\/islamansiklopedisi.org.tr\/nas\" title=\"https:\/\/islamansiklopedisi.org.tr\/nas\" target=\"_blank\" rel=\"noreferrer noopener\">nasslar\u0131n<\/a> muhtelif y\u00f6ntemlerle g\u00fc\u00e7lendirilmesi gerekiyordu. B\u00f6yle bir ortamda<a href=\"https:\/\/www.emedrese.com.tr\/blog\/imam-esari\/\" title=\"\u0130mam E\u015f\u2019ari\" target=\"_blank\" rel=\"noreferrer noopener\"> \u0130mam E\u015fari <\/a>(\u00f6.324\/935-36) sahneye \u00e7\u0131karak ak\u0131lla desteklenen nas y\u00f6ntemini ortaya \u00e7\u0131kard\u0131. \u00dcstelik bunu yaparken Ehli S\u00fcnnet\u2019in s\u0131n\u0131rlar\u0131 i\u00e7inde kalmay\u0131 da ba\u015fard\u0131. <a href=\"https:\/\/www.emedrese.com.tr\/blog\/imam-maturidi\/\" title=\"\u0130mam Maturidi\" target=\"_blank\" rel=\"noreferrer noopener\">\u0130mam Maturidi<\/a> de b\u00f6yle bir ortamda \u00e7\u0131kan, \u00f6n a\u00e7\u0131c\u0131 alimlerimizden biridir. S\u00fcnni <a href=\"https:\/\/www.emedrese.com.tr\/blog\/kelam-ilmi-nedir\/\" target=\"_blank\" rel=\"noreferrer noopener\" title=\"Kelam \u0130lmi Nedir?\">kelam <\/a>ekol\u00fcn\u00fcn ikinci \u00f6nemli temsilcisidir.<\/p>\n\n\n\n<h3><span id=\"Hayati\"><strong>Hayat\u0131<\/strong><\/span><\/h3>\n\n\n\n<p>As\u0131l ve tam ad\u0131: Ebu Mansur Muhammed b. Muhammed b. Mahmud el-Maturidi es-Semerkandi\u2019dir. Bug\u00fcn \u00d6zbekistan s\u0131n\u0131rlar\u0131 i\u00e7inde kalan <a href=\"https:\/\/islamansiklopedisi.org.tr\/semerkant\" target=\"_blank\" rel=\"noreferrer noopener\">Semerkant <\/a>\u015fehrinin Maturid k\u00f6y\u00fcnde do\u011fmu\u015ftur. Ve bu k\u00f6ye nispetle an\u0131l\u0131r. Genel olarak \u0130mam Maturidi diye tan\u0131n\u0131r ve kurudu\u011fu mezhebin ismi de kendisine nispetle <a href=\"https:\/\/www.emedrese.com.tr\/blog\/maturidiyye-mezhebi\/\" target=\"_blank\" rel=\"noreferrer noopener\" title=\"Maturidiyye Mezhebi\">Maturidiyye <\/a>olarak maruf tan\u0131n\u0131r.<\/p>\n\n\n\n<p>Sonraki Maturidiler ona baz\u0131 lakaplar takm\u0131\u015flard\u0131r. Bunlar: <em>\u0130mamu\u2019l-H\u00fcda<\/em> (hidayet \u00f6nderi), <em>Alem\u00fc\u2019l-H\u00fcda<\/em> (hidayet bayra\u011f\u0131), <em>\u0130mamu\u2019l-m\u00fctekellimin<\/em> (kelamc\u0131lar\u0131n \u00f6nderi), <em>Musahhihu akaidi\u2019l-m\u00fcslimin<\/em> (M\u00fcsl\u00fcmanlar\u0131n akidelerini ar\u0131nd\u0131ran), <em>Reis-u Ehli\u2019s\u2019 S\u00fcnne<\/em> (Ehli S\u00fcnnetin reisi). Bu lakaplar Maturidi mensubu alimlerin imamlar\u0131na duyduklar\u0131 sevgi ve h\u00fcrmetin en b\u00fcy\u00fck g\u00f6stergesidir.<\/p>\n\n\n\n<p>Kaynaklarda ne yaz\u0131k ki \u0130mam Maturidi\u2019nin hayat\u0131 hakk\u0131nda detayl\u0131 bilgi bulunmamaktad\u0131r. Do\u011fum ve \u00f6l\u00fcm tarihlerine dair ihtilaflar ve muhtelif g\u00f6r\u00fc\u015fler mevcuttur. Fakat eserlerinden ve yeti\u015ftirdi\u011fi \u00f6\u011frencilerden anlad\u0131\u011f\u0131m\u0131z \u00fczere \u00e7ok iyi bir tedrisattan ge\u00e7mi\u015f, kendi d\u00f6neminde dahi itikadi konularda insanlara kanaat \u00f6nderli\u011fi yapm\u0131\u015ft\u0131r. Ehli S\u00fcnnet\u2019in ana kollar\u0131ndan biri olan Maturidilik, onun a\u00e7t\u0131\u011f\u0131 ufkun devam\u0131 olarak ortaya \u00e7\u0131km\u0131\u015f ve te\u015fekk\u00fcl etmi\u015ftir. Bununla beraber \u0130mam Maturidi, Hanefi ekolle iltisakl\u0131 <a href=\"https:\/\/dergi.diyanet.gov.tr\/makaledetay.php?ID=32818\" title=\"https:\/\/dergi.diyanet.gov.tr\/makaledetay.php?ID=32818\" target=\"_blank\" rel=\"noreferrer noopener\">C\u00fczcaniyye medresesinin<\/a> \u00f6\u011frencilerinden biridir. Ve hocas\u0131 <a href=\"https:\/\/islamansiklopedisi.org.tr\/cuzcani-ebu-bekir\" title=\"https:\/\/islamansiklopedisi.org.tr\/cuzcani-ebu-bekir\" target=\"_blank\" rel=\"noreferrer noopener\">\u0130mam C\u00fczcani <\/a>vas\u0131tas\u0131yla <a href=\"https:\/\/islamansiklopedisi.org.tr\/ebu-hanife\" target=\"_blank\" rel=\"noreferrer noopener\" title=\"https:\/\/islamansiklopedisi.org.tr\/ebu-hanife\">Ebu Hanife<\/a>\u2019ye (\u00f6.150\/767) kadar uzanan bir silsilenin devamc\u0131s\u0131d\u0131r. Dolay\u0131s\u0131yla \u0130mam Maturidi\u2019yi Hanefi akaidini, derinle\u015ftiren kelamc\u0131 olarak g\u00f6rebilece\u011fimiz gibi Hanefi-Maturidi ili\u015fkisini de bu ba\u011flamda yorumlayabiliriz.<\/p>\n\n\n\n<p>Kendisinin Ensari nisbesine ba\u011fl\u0131 olarak <a href=\"https:\/\/islamansiklopedisi.org.tr\/beyazizade-ahmed-efendi\" title=\"https:\/\/islamansiklopedisi.org.tr\/beyazizade-ahmed-efendi\" target=\"_blank\" rel=\"noreferrer noopener\">Beyazizade<\/a> (\u00f6.1098\/1607) onun <a href=\"https:\/\/islamansiklopedisi.org.tr\/ebu-eyyub-el-ensari\" title=\"https:\/\/islamansiklopedisi.org.tr\/ebu-eyyub-el-ensari\" target=\"_blank\" rel=\"noreferrer noopener\">Ebu Eyy\u00fcb el-Ensari<\/a>\u2019nin (\u00f6.49\/669) soyundan geldi\u011fini iddia etmi\u015ftir. Ayr\u0131ca Ensar\u2019\u0131n soyundan da gelebilece\u011fi s\u00f6ylenmi\u015ftir. Fakat bu nispetin \u0130slam akidesine yard\u0131mlar\u0131ndan dolay\u0131 verildi\u011fi d\u00fc\u015f\u00fcn\u00fclmektedir. Kimi uleman\u0131n \u0130mam Maturidi\u2019yi Arap as\u0131ll\u0131 g\u00f6stermeleri de do\u011fru de\u011fildir. Zira <a href=\"https:\/\/islamansiklopedisi.org.tr\/muellif\/bekir-topaloglu\" target=\"_blank\" rel=\"noreferrer noopener\" title=\"https:\/\/islamansiklopedisi.org.tr\/muellif\/bekir-topaloglu\">Bekir Topalo\u011flu<\/a> (d.1932-\u00f6.2016) hocam\u0131z\u0131n tespitiyle eserlerindeki c\u00fcmle kurulumlar\u0131na bak\u0131larak onun T\u00fcrk oldu\u011funu rahatl\u0131kla ifade edebiliriz.<\/p>\n\n\n\n<p>\u0130mam Maturidi\u2019nin nerede vefat etti\u011fine dair de bir ihtilaf vard\u0131r. Fakat genel kanaat imam\u0131n Semerkant\u2019ta terki d\u00fcnya eyledi\u011fi y\u00f6n\u00fcndedir. <a href=\"https:\/\/islamansiklopedisi.org.tr\/kuresi\" target=\"_blank\" rel=\"noreferrer noopener\" title=\"https:\/\/islamansiklopedisi.org.tr\/kuresi\">Ebu\u2019l-Vefa el-Kure\u015fi<\/a>\u2019ye (\u00f6.757\/1373) g\u00f6re ise net \u015fekilde hem Semerkant\u2019ta vefat etmi\u015ftir, hem de kabri oradad\u0131r.<\/p>\n\n\n\n<h3><span id=\"Ilim_Sahalari\"><strong>\u0130lim Sahalar\u0131<\/strong><\/span><\/h3>\n\n\n\n<p>As\u0131l \u00fcn\u00fc ve ba\u015far\u0131 kelam ilminde olmas\u0131na ra\u011fmen \u0130mam Maturidi, <a href=\"https:\/\/www.emedrese.com.tr\/blog\/tefsir-ilmi\/\" title=\"Tefsir \u0130lmi\" target=\"_blank\" rel=\"noreferrer noopener\">tefsir<\/a>, <a href=\"https:\/\/www.emedrese.com.tr\/blog\/fikih-nedir\/\" title=\"F\u0131k\u0131h Nedir?\" target=\"_blank\" rel=\"noreferrer noopener\">f\u0131k\u0131h<\/a>, <a href=\"https:\/\/www.emedrese.com.tr\/blog\/fikih-usulu-nedir\/\" title=\"F\u0131k\u0131h Usul\u00fc Nedir?\" target=\"_blank\" rel=\"noreferrer noopener\">f\u0131k\u0131h usul\u00fc<\/a>, <a href=\"https:\/\/islamansiklopedisi.org.tr\/hakkinda\/ilim-dali--kelam-ve-mezhepler-tarihi\" title=\"https:\/\/islamansiklopedisi.org.tr\/hakkinda\/ilim-dali--kelam-ve-mezhepler-tarihi\" target=\"_blank\" rel=\"noreferrer noopener\">mezhepler tarihi<\/a> gibi sahalarda da s\u00f6z sahibidir. Fakat say\u0131lan alanlar\u0131n <a href=\"https:\/\/islamansiklopedisi.org.tr\/tabakat\" title=\"https:\/\/islamansiklopedisi.org.tr\/tabakat\" target=\"_blank\" rel=\"noreferrer noopener\">tabakat <\/a>kitaplar\u0131nda ismi ve kitaplar\u0131 zikredilmemektedir. Bunun nedenleri aras\u0131nda <a href=\"https:\/\/islamansiklopedisi.org.tr\/hilafet\" title=\"https:\/\/islamansiklopedisi.org.tr\/hilafet\" target=\"_blank\" rel=\"noreferrer noopener\">hilafet <\/a>\u015fehri Ba\u011fdat\u2019a uzak olmas\u0131 ve Arap as\u0131ll\u0131 olmamas\u0131 gibi nedenler ileri s\u00fcr\u00fclm\u00fc\u015ft\u00fcr.<\/p>\n\n\n\n<h3><span id=\"Talebeleri\"><strong>Talebeleri<\/strong><\/span><\/h3>\n\n\n\n<p>Hayat\u0131 boyunca pek \u00e7ok talebe yeti\u015ftiren \u0130mam Maturidi\u2019nin \u00f6ne \u00e7\u0131kan ve mezhebe katk\u0131 sunan talebeleri \u015funlard\u0131r:<\/p>\n\n\n\n<blockquote class=\"wp-block-quote\"><p>1- <a href=\"https:\/\/islamansiklopedisi.org.tr\/iyazi-ebu-nasr\" target=\"_blank\" rel=\"noreferrer noopener\" title=\"https:\/\/islamansiklopedisi.org.tr\/iyazi-ebu-nasr\">Ebu Ahmed el-\u0130yazi <\/a>(3. asr\u0131n son \u00e7eyre\u011fi)<br>2- <a href=\"https:\/\/islamansiklopedisi.org.tr\/rustufagni\" target=\"_blank\" rel=\"noreferrer noopener\" title=\"https:\/\/islamansiklopedisi.org.tr\/rustufagni\">Ebu\u2019l-Hasan Ali b. Said er-Rustufagni<\/a> (\u00f6.345\/956)<br>3- <a href=\"https:\/\/islamansiklopedisi.org.tr\/pezdevi-ebul-yusr\" target=\"_blank\" rel=\"noreferrer noopener\" title=\"https:\/\/islamansiklopedisi.org.tr\/pezdevi-ebul-yusr\">Abd\u00fclkerim b. Musa Pezdevi<\/a> (\u00f6.493\/1100)<\/p><\/blockquote>\n\n\n\n<h3><span id=\"Eserleri\"><strong>Eserleri<\/strong><\/span><\/h3>\n\n\n\n<p><a href=\"https:\/\/www.emedrese.com.tr\/blog\/ebul-muin-en-nesefi\/\" target=\"_blank\" rel=\"noreferrer noopener\" title=\"Ebu\u2019l Muin en-Nesefi\">Ebu\u2019l-Muin en-Nesefi<\/a>\u2019ye (\u00f6.508\/1115) g\u00f6re <a href=\"https:\/\/www.emedrese.com.tr\/blog\/imam-maturidi\/\" target=\"_blank\" rel=\"noreferrer noopener\" title=\"\u0130mam Maturidi\">\u0130mam Maturidi<\/a>\u2019ye aidiyeti kesin 13 eser vard\u0131r. Bunlar\u0131n haricinde kendisine nispet edilen daha pek \u00e7ok eser mevcuttur. En me\u015fhuru ise iki tanedir:<\/p>\n\n\n\n<h4><span id=\"Tevilatul-Kuran\"><a href=\"https:\/\/islamansiklopedisi.org.tr\/tevilatul-kuran\" target=\"_blank\" rel=\"noreferrer noopener\" title=\"https:\/\/islamansiklopedisi.org.tr\/tevilatul-kuran\">Tevilat\u00fc\u2019l-Kuran<\/a><\/span><\/h4>\n\n\n\n<p>Yaz\u0131lm\u0131\u015f en \u00f6nemli tefsir eserlerinden bir tanesidir. Ad\u0131ndan anla\u015f\u0131laca\u011f\u0131 \u00fczere m\u00fcellif tefsir yerine <a href=\"https:\/\/islamansiklopedisi.org.tr\/tevil\" title=\"https:\/\/islamansiklopedisi.org.tr\/tevil\" target=\"_blank\" rel=\"noreferrer noopener\">tevil<\/a> kelimesini tercih etmi\u015ftir. \u00c7\u00fcnk\u00fc ona g\u00f6re Efendimizin d\u0131\u015f\u0131nda Kuran \u00fczerine yorum yapacak herkesin s\u00f6zleri tefsir de\u011fil tevildir. Bir anlay\u0131\u015f t\u00fcr\u00fcd\u00fcr. Tefsir ancak Kuran\u2019\u0131n do\u011fru yorumudur. Eserde kelam, f\u0131k\u0131h ve f\u0131k\u0131h usul\u00fcne dair \u00f6nemli malumatlar bulunur. <a href=\"https:\/\/islamansiklopedisi.org.tr\/maveraunnehir\" target=\"_blank\" rel=\"noreferrer noopener\" title=\"https:\/\/islamansiklopedisi.org.tr\/maveraunnehir\">Mavera\u00fcnnehir <\/a>b\u00f6lgesinde pek \u00e7ok farkl\u0131 din ve k\u00fclt\u00fcrler y\u00fczle\u015fti\u011fi i\u00e7in <a href=\"https:\/\/www.emedrese.com.tr\/blog\/imam-maturidi\/\" target=\"_blank\" rel=\"noreferrer noopener\" title=\"\u0130mam Maturidi\">\u0130mam Maturidi<\/a> bu eserinde ciddi din tenkitleri de yapm\u0131\u015ft\u0131r. Halihaz\u0131rda d\u00fcnya \u00fczerinde eserin 40 n\u00fcshas\u0131 bulunmaktad\u0131r.<\/p>\n\n\n\n<h4><span id=\"Kitabut-Tevhid\"><a href=\"https:\/\/islamansiklopedisi.org.tr\/kitabut-tevhid--maturidi\" target=\"_blank\" rel=\"noreferrer noopener\" title=\"https:\/\/islamansiklopedisi.org.tr\/kitabut-tevhid--maturidi\">Kitab\u00fc\u2019t-Tevhid<\/a><\/span><\/h4>\n\n\n\n<p>Kitab\u00fc\u2019t-Tevhid ilmi a\u00e7\u0131dan bulundu\u011fu nokta itibari ile son derece \u00f6nemli bir eserdir. <a href=\"https:\/\/islamansiklopedisi.org.tr\/mutekaddimin-ve-muteahhirin\" target=\"_blank\" rel=\"noreferrer noopener\" title=\"https:\/\/islamansiklopedisi.org.tr\/mutekaddimin-ve-muteahhirin\">M\u00fctekaddimun<\/a> d\u00f6neminin en hacimli ve itikadi meseleleri toparlay\u0131c\u0131 bir \u015fekilde ele alan kaynak teliflerinden biridir. Ayr\u0131ca ke\u015ffedili\u015f hikayesi de son derece ilgin\u00e7tir. \u0130mam Maturidi\u2019ye aidiyeti kesin olan Kitab\u00fc\u2019t-Tevhid 1953 y\u0131l\u0131na kadar g\u00fcn y\u00fcz\u00fcne \u00e7\u0131kmam\u0131\u015f ve yakla\u015f\u0131k bin y\u0131l kadar k\u00fct\u00fcphanelerin derinliklerinde sakl\u0131 kalm\u0131\u015ft\u0131r. \u0130lk olarak 1953 y\u0131l\u0131nda <a href=\"https:\/\/islamansiklopedisi.org.tr\/schacht-joseph\" title=\"https:\/\/islamansiklopedisi.org.tr\/schacht-joseph\" target=\"_blank\" rel=\"noreferrer noopener\">Joseph Schacht <\/a>(d.1902-\u00f6.1969) taraf\u0131ndan bir makalede tan\u0131t\u0131lm\u0131\u015f, <a href=\"https:\/\/islamansiklopedisi.org.tr\/vajda-georges\" title=\"https:\/\/islamansiklopedisi.org.tr\/vajda-georges\" target=\"_blank\" rel=\"noreferrer noopener\">Georges Vajda <\/a>(d.1908-\u00f6.1981) taraf\u0131ndan 1966\u2019da bir k\u0131sm\u0131 terc\u00fcme edilmi\u015f ve 1970 y\u0131l\u0131nda nihayet Fethullah Huleyf\u2019in tahkikiyle yay\u0131nlanm\u0131\u015ft\u0131r. Bug\u00fcnk\u00fc ne\u015firlerin tek kayna\u011f\u0131 olan n\u00fcsha ise hala \u0130ngiltere\u2019de <a href=\"https:\/\/tr.wikipedia.org\/wiki\/Cambridge_%C3%9Cniversitesi_K%C3%BCt%C3%BCphanesi\" target=\"_blank\" rel=\"noreferrer noopener\" title=\"https:\/\/tr.wikipedia.org\/wiki\/Cambridge_%C3%9Cniversitesi_K%C3%BCt%C3%BCphanesi\">Cambridge \u00dcniversitesi K\u00fct\u00fcphanesi\u2019<\/a>nde bulunmaktad\u0131r.<\/p>\n\n\n\n<blockquote class=\"wp-block-quote\"><p><strong> Bu makaleyi okuyanlar i\u00e7in yaz\u0131 tavsiyesi: &#8220;<a href=\"https:\/\/www.emedrese.com.tr\/blog\/bakillani\/\" target=\"_blank\" rel=\"noreferrer noopener\" title=\"\u0130mam Bakillani\">\u0130mam Bakillani<\/a>&#8220;<\/strong><\/p><\/blockquote>\n\n\n\n<h2><span id=\"Referanslar\">Referanslar<\/span><\/h2>\n\n\n\n<hr class=\"wp-block-separator\"\/>\n\n\n\n<p><a href=\"#_ftnref1\">[1]<\/a><a href=\"https:\/\/islamansiklopedisi.org.tr\/selef\">https:\/\/islamansiklopedisi.org.tr\/selef<\/a><br><a href=\"#_ftnref2\">[2]<\/a><a href=\"https:\/\/islamansiklopedisi.org.tr\/nas\">https:\/\/islamansiklopedisi.org.tr\/nas<\/a><br><a href=\"#_ftnref3\">[3]<\/a><a href=\"https:\/\/islamansiklopedisi.org.tr\/esari-ebul-hasan\">https:\/\/islamansiklopedisi.org.tr\/esari-ebul-hasan<\/a><br><a href=\"#_ftnref4\">[4]<\/a><a href=\"https:\/\/islamansiklopedisi.org.tr\/ehl-i-sunnet\">https:\/\/islamansiklopedisi.org.tr\/ehl-i-sunnet<\/a><br><a href=\"#_ftnref5\">[5]<\/a><a href=\"https:\/\/islamansiklopedisi.org.tr\/maturidi\">https:\/\/islamansiklopedisi.org.tr\/maturidi<\/a><br><a href=\"#_ftnref6\">[6]<\/a><a href=\"https:\/\/www.facebook.com\/ibrahimhalilerseyda\/posts\/1275709329193547\/\">https:\/\/www.facebook.com\/ibrahimhalilerseyda\/posts\/1275709329193547\/<\/a><br><a href=\"#_ftnref7\">[7]<\/a><a href=\"https:\/\/islamansiklopedisi.org.tr\/ozbekistan\">https:\/\/islamansiklopedisi.org.tr\/ozbekistan<\/a><br><a href=\"#_ftnref8\">[8]<\/a><a href=\"https:\/\/islamansiklopedisi.org.tr\/semerkant\">https:\/\/islamansiklopedisi.org.tr\/semerkant<\/a><br><a href=\"#_ftnref9\">[9]<\/a><a href=\"https:\/\/islamansiklopedisi.org.tr\/maturidiyye\">https:\/\/islamansiklopedisi.org.tr\/maturidiyye<\/a><br><a href=\"#_ftnref10\">[10]<\/a><a href=\"https:\/\/dergi.diyanet.gov.tr\/makaledetay.php?ID=32818\">https:\/\/dergi.diyanet.gov.tr\/makaledetay.php?ID=32818<\/a><br><a href=\"#_ftnref11\">[11]<\/a><a href=\"https:\/\/islamansiklopedisi.org.tr\/cuzcani-ebu-bekir\">https:\/\/islamansiklopedisi.org.tr\/cuzcani-ebu-bekir<\/a><br><a href=\"#_ftnref12\">[12]<\/a><a href=\"https:\/\/islamansiklopedisi.org.tr\/ebu-hanife\">https:\/\/islamansiklopedisi.org.tr\/ebu-hanife<\/a><br><a href=\"#_ftnref13\">[13]<\/a><a href=\"https:\/\/islamansiklopedisi.org.tr\/beyazizade-ahmed-efendi\">https:\/\/islamansiklopedisi.org.tr\/beyazizade-ahmed-efendi<\/a><br><a href=\"#_ftnref14\">[14]<\/a><a href=\"https:\/\/islamansiklopedisi.org.tr\/ebu-eyyub-el-ensari\">https:\/\/islamansiklopedisi.org.tr\/ebu-eyyub-el-ensari<\/a><br><a href=\"#_ftnref15\">[15]<\/a><a href=\"https:\/\/islamansiklopedisi.org.tr\/muellif\/bekir-topaloglu\">https:\/\/islamansiklopedisi.org.tr\/muellif\/bekir-topaloglu<\/a><br><a href=\"#_ftnref16\">[16]<\/a><a href=\"https:\/\/islamansiklopedisi.org.tr\/kuresi\">https:\/\/islamansiklopedisi.org.tr\/kuresi<\/a><br><a href=\"#_ftnref17\">[17]<\/a><a href=\"https:\/\/islamansiklopedisi.org.tr\/tefsir\">https:\/\/islamansiklopedisi.org.tr\/tefsir<\/a><br><a href=\"#_ftnref18\">[18]<\/a><a href=\"https:\/\/islamansiklopedisi.org.tr\/fikih\">https:\/\/islamansiklopedisi.org.tr\/fikih<\/a><br><a href=\"#_ftnref19\">[19]<\/a><a href=\"https:\/\/islamansiklopedisi.org.tr\/usul-i-fikih\">https:\/\/islamansiklopedisi.org.tr\/usul-i-fikih<\/a><br><a href=\"#_ftnref20\">[20]<\/a><a href=\"https:\/\/islamansiklopedisi.org.tr\/hakkinda\/ilim-dali--kelam-ve-mezhepler-tarihi\">https:\/\/islamansiklopedisi.org.tr\/hakkinda\/ilim-dali&#8211;kelam-ve-mezhepler-tarihi<\/a><br><a href=\"#_ftnref21\">[21]<\/a><a href=\"https:\/\/islamansiklopedisi.org.tr\/tabakat\">https:\/\/islamansiklopedisi.org.tr\/tabakat<\/a><br><a href=\"#_ftnref22\">[22]<\/a><a href=\"https:\/\/islamansiklopedisi.org.tr\/hilafet\">https:\/\/islamansiklopedisi.org.tr\/hilafet<\/a><br><a href=\"#_ftnref23\">[23]<\/a><a href=\"https:\/\/islamansiklopedisi.org.tr\/bagdat\">https:\/\/islamansiklopedisi.org.tr\/bagdat<\/a><br><a href=\"#_ftnref24\">[24]<\/a><a href=\"https:\/\/islamansiklopedisi.org.tr\/iyazi-ebu-nasr\">https:\/\/islamansiklopedisi.org.tr\/iyazi-ebu-nasr<\/a><br><a href=\"#_ftnref25\">[25]<\/a><a href=\"https:\/\/islamansiklopedisi.org.tr\/rustufagni\">https:\/\/islamansiklopedisi.org.tr\/rustufagni<\/a><br><a href=\"#_ftnref26\">[26]<\/a><a href=\"https:\/\/islamansiklopedisi.org.tr\/pezdevi-ebul-yusr\">https:\/\/islamansiklopedisi.org.tr\/pezdevi-ebul-yusr<\/a><br><a href=\"#_ftnref27\">[27]<\/a><a href=\"https:\/\/islamansiklopedisi.org.tr\/nesefi-ebul-muin\">https:\/\/islamansiklopedisi.org.tr\/nesefi-ebul-muin<\/a><br><a href=\"#_ftnref28\">[28]<\/a><a href=\"https:\/\/islamansiklopedisi.org.tr\/tevilatul-kuran\">https:\/\/islamansiklopedisi.org.tr\/tevilatul-kuran<\/a><br><a href=\"#_ftnref29\">[29]<\/a><a href=\"https:\/\/islamansiklopedisi.org.tr\/tevil\">https:\/\/islamansiklopedisi.org.tr\/tevil<\/a><br><a href=\"#_ftnref30\">[30]<\/a><a href=\"https:\/\/islamansiklopedisi.org.tr\/maveraunnehir\">https:\/\/islamansiklopedisi.org.tr\/maveraunnehir<\/a><br><a href=\"#_ftnref31\">[31]<\/a><a href=\"https:\/\/islamansiklopedisi.org.tr\/kitabut-tevhid--maturidi\">https:\/\/islamansiklopedisi.org.tr\/kitabut-tevhid&#8211;maturidi<\/a><br><a href=\"#_ftnref32\">[32]<\/a><a href=\"https:\/\/islamansiklopedisi.org.tr\/mutekaddimin-ve-muteahhirin\">https:\/\/islamansiklopedisi.org.tr\/mutekaddimin-ve-muteahhirin<\/a><br><a href=\"#_ftnref33\">[33]<\/a><a href=\"https:\/\/islamansiklopedisi.org.tr\/schacht-joseph\">https:\/\/islamansiklopedisi.org.tr\/schacht-joseph<\/a><br><a href=\"#_ftnref34\">[34]<\/a><a href=\"https:\/\/islamansiklopedisi.org.tr\/vajda-georges\">https:\/\/islamansiklopedisi.org.tr\/vajda-georges<\/a><br><a href=\"#_ftnref35\">[35]<\/a><a href=\"https:\/\/tr.wikipedia.org\/wiki\/%C4%B0ngiltere\">https:\/\/tr.wikipedia.org\/wiki\/%C4%B0ngiltere<\/a><br><a href=\"#_ftnref36\">[36]<\/a><a href=\"https:\/\/tr.wikipedia.org\/wiki\/Cambridge_%C3%9Cniversitesi_K%C3%BCt%C3%BCphanesi\">https:\/\/tr.wikipedia.org\/wiki\/Cambridge_%C3%9Cniversitesi_K%C3%BCt%C3%BCphanesi<\/a><\/p>\n","protected":false},"excerpt":{"rendered":"<p>\u0130mam Maturidi<\/p>\n","protected":false},"author":3,"featured_media":891,"comment_status":"open","ping_status":"open","sticky":false,"template":"","format":"standard","meta":[],"categories":[1,560],"tags":[414,415,416],"aioseo_notices":[],"_links":{"self":[{"href":"https:\/\/www.emedrese.com.tr\/blog\/wp-json\/wp\/v2\/posts\/90"}],"collection":[{"href":"https:\/\/www.emedrese.com.tr\/blog\/wp-json\/wp\/v2\/posts"}],"about":[{"href":"https:\/\/www.emedrese.com.tr\/blog\/wp-json\/wp\/v2\/types\/post"}],"author":[{"embeddable":true,"href":"https:\/\/www.emedrese.com.tr\/blog\/wp-json\/wp\/v2\/users\/3"}],"replies":[{"embeddable":true,"href":"https:\/\/www.emedrese.com.tr\/blog\/wp-json\/wp\/v2\/comments?post=90"}],"version-history":[{"count":6,"href":"https:\/\/www.emedrese.com.tr\/blog\/wp-json\/wp\/v2\/posts\/90\/revisions"}],"predecessor-version":[{"id":1937,"href":"https:\/\/www.emedrese.com.tr\/blog\/wp-json\/wp\/v2\/posts\/90\/revisions\/1937"}],"wp:featuredmedia":[{"embeddable":true,"href":"https:\/\/www.emedrese.com.tr\/blog\/wp-json\/wp\/v2\/media\/891"}],"wp:attachment":[{"href":"https:\/\/www.emedrese.com.tr\/blog\/wp-json\/wp\/v2\/media?parent=90"}],"wp:term":[{"taxonomy":"category","embeddable":true,"href":"https:\/\/www.emedrese.com.tr\/blog\/wp-json\/wp\/v2\/categories?post=90"},{"taxonomy":"post_tag","embeddable":true,"href":"https:\/\/www.emedrese.com.tr\/blog\/wp-json\/wp\/v2\/tags?post=90"}],"curies":[{"name":"wp","href":"https:\/\/api.w.org\/{rel}","templated":true}]}}