{"id":501,"count":1,"description":"","link":"https:\/\/www.emedrese.com.tr\/blog\/tag\/osmanli-islamciligi\/","name":"Osmanl\u0131 \u0130slamc\u0131l\u0131\u011f\u0131","slug":"osmanli-islamciligi","taxonomy":"post_tag","meta":[],"_links":{"self":[{"href":"https:\/\/www.emedrese.com.tr\/blog\/wp-json\/wp\/v2\/tags\/501"}],"collection":[{"href":"https:\/\/www.emedrese.com.tr\/blog\/wp-json\/wp\/v2\/tags"}],"about":[{"href":"https:\/\/www.emedrese.com.tr\/blog\/wp-json\/wp\/v2\/taxonomies\/post_tag"}],"wp:post_type":[{"href":"https:\/\/www.emedrese.com.tr\/blog\/wp-json\/wp\/v2\/posts?tags=501"}],"curies":[{"name":"wp","href":"https:\/\/api.w.org\/{rel}","templated":true}]}}