{"id":715,"count":1,"description":"","link":"https:\/\/www.emedrese.com.tr\/blog\/tag\/asim-cuneyt-koksal\/","name":"As\u0131m C\u00fcneyt K\u00f6ksal","slug":"asim-cuneyt-koksal","taxonomy":"post_tag","meta":[],"_links":{"self":[{"href":"https:\/\/www.emedrese.com.tr\/blog\/wp-json\/wp\/v2\/tags\/715"}],"collection":[{"href":"https:\/\/www.emedrese.com.tr\/blog\/wp-json\/wp\/v2\/tags"}],"about":[{"href":"https:\/\/www.emedrese.com.tr\/blog\/wp-json\/wp\/v2\/taxonomies\/post_tag"}],"wp:post_type":[{"href":"https:\/\/www.emedrese.com.tr\/blog\/wp-json\/wp\/v2\/posts?tags=715"}],"curies":[{"name":"wp","href":"https:\/\/api.w.org\/{rel}","templated":true}]}}